{"id":83075,"date":"2020-04-21T17:18:04","date_gmt":"2020-04-21T21:18:04","guid":{"rendered":"https:\/\/linitiative.ca\/International\/mali-un-depute-decede-du-coronavirus\/"},"modified":"2020-04-21T17:18:04","modified_gmt":"2020-04-21T21:18:04","slug":"mali-un-depute-decede-du-coronavirus","status":"publish","type":"post","link":"https:\/\/linitiative.ca\/International\/mali-un-depute-decede-du-coronavirus\/","title":{"rendered":"Mali: un d\u00e9put\u00e9 d\u00e9c\u00e8de du coronavirus"},"content":{"rendered":"<div readability=\"32\">\n<p>Publi\u00e9 le 21.04.2020 \u00e0 22h18 par APA News<\/p>\n<\/div>\n<div readability=\"51\">\n<p>Le d\u00e9put\u00e9 malien Belco Bah, deuxi\u00e8me questeur a l\u2019Assembl\u00e9e nationale allonge la liste des victimes du Covid-19.C\u2019est en d\u00e9but de soir\u00e9e que son d\u00e9c\u00e8s a \u00e9t\u00e9 annonc\u00e9 par sa famille. Une mort qui selon le site du quotidien national est li\u00e9e au coronavirus.<\/p>\n<p>\u00a0\u00ab\u00a0L\u2019honorable Belco Bah d\u00e9put\u00e9 sortant, dans la circonscription \u00e9lectorale de Niono vient de succomber au covid-19\u00a0\u00bb peut-on lire sur le site du quotidien national.\u00a0<\/p>\n<p>Cette information a \u00e9t\u00e9 confirm\u00e9e par ses proches et sa famille poursuit le site.<\/p>\n<p>\u00a0Il faut rappeler que Belco Bah, deuxi\u00e8me\u00a0questeur \u00e0 l\u2019Assembl\u00e9e Nationale venait d\u2019\u00eatre battu lors du premier tour des \u00e9lections l\u00e9gislatives tenu le 29 Mars 2020.<\/p>\n<p>\u00a0Son d\u00e9c\u00e8s intervient 24 heures apr\u00e8s celui du d\u00e9put\u00e9 sortant de Dj\u00e9nn\u00e9, Habib Sofara et 72 heures apr\u00e8s celui du d\u00e9put\u00e9 sortant de Nara, le contr\u00f4leur g\u00e9n\u00e9ral de police, Niam\u00e9 Ke\u00efta.<\/p>\n<\/div>\n<p>Auteur: APA News<br \/>\n<a href=\"https:\/\/www.journalducameroun.com\/mali-un-depute-decede-du-coronavirus\/\">Cliquez ici pour lire l&rsquo;article depuis sa source.<\/a><\/p>\n","protected":false},"excerpt":{"rendered":"<p>Publi\u00e9 le 21.04.2020 \u00e0 22h18 par APA News Le d\u00e9put\u00e9 malien Belco Bah, deuxi\u00e8me questeur a l\u2019Assembl\u00e9e nationale allonge la liste des victimes du Covid-19.C\u2019est en d\u00e9but de soir\u00e9e que son d\u00e9c\u00e8s a \u00e9t\u00e9 annonc\u00e9 par sa famille. Une mort qui selon le site du quotidien national est li\u00e9e au coronavirus. \u00a0\u00ab\u00a0L\u2019honorable Belco Bah d\u00e9put\u00e9 [&hellip;]<\/p>\n","protected":false},"author":1965,"featured_media":0,"comment_status":"closed","ping_status":"closed","sticky":false,"template":"","format":"standard","meta":{"fifu_image_url":"","fifu_image_alt":"","footnotes":""},"categories":[73,82],"tags":[],"class_list":["post-83075","post","type-post","status-publish","format-standard","hentry","category-actualite","category-cameroun"],"_links":{"self":[{"href":"https:\/\/linitiative.ca\/International\/wp-json\/wp\/v2\/posts\/83075","targetHints":{"allow":["GET"]}}],"collection":[{"href":"https:\/\/linitiative.ca\/International\/wp-json\/wp\/v2\/posts"}],"about":[{"href":"https:\/\/linitiative.ca\/International\/wp-json\/wp\/v2\/types\/post"}],"author":[{"embeddable":true,"href":"https:\/\/linitiative.ca\/International\/wp-json\/wp\/v2\/users\/1965"}],"replies":[{"embeddable":true,"href":"https:\/\/linitiative.ca\/International\/wp-json\/wp\/v2\/comments?post=83075"}],"version-history":[{"count":0,"href":"https:\/\/linitiative.ca\/International\/wp-json\/wp\/v2\/posts\/83075\/revisions"}],"wp:attachment":[{"href":"https:\/\/linitiative.ca\/International\/wp-json\/wp\/v2\/media?parent=83075"}],"wp:term":[{"taxonomy":"category","embeddable":true,"href":"https:\/\/linitiative.ca\/International\/wp-json\/wp\/v2\/categories?post=83075"},{"taxonomy":"post_tag","embeddable":true,"href":"https:\/\/linitiative.ca\/International\/wp-json\/wp\/v2\/tags?post=83075"}],"curies":[{"name":"wp","href":"https:\/\/api.w.org\/{rel}","templated":true}]}}