{"id":83076,"date":"2020-04-21T17:18:06","date_gmt":"2020-04-21T21:18:06","guid":{"rendered":"https:\/\/linitiative.ca\/International\/afsud-covid-19-les-mineurs-exigent-des-conditions-de-reprise-des-activites\/"},"modified":"2020-04-21T17:18:06","modified_gmt":"2020-04-21T21:18:06","slug":"afsud-covid-19-les-mineurs-exigent-des-conditions-de-reprise-des-activites","status":"publish","type":"post","link":"https:\/\/linitiative.ca\/International\/afsud-covid-19-les-mineurs-exigent-des-conditions-de-reprise-des-activites\/","title":{"rendered":"AfSud\/Covid-19: Les mineurs exigent des conditions de reprise des activit\u00e9s"},"content":{"rendered":"<div readability=\"32\">\n<p>Publi\u00e9 le 21.04.2020 \u00e0 22h18 par APA News<\/p>\n<\/div>\n<div readability=\"61\">\n<p>La reprise des activit\u00e9s mini\u00e8res annonc\u00e9e par le gouvernement sud-africain inqui\u00e8te les travailleurs du secteur qui ont exig\u00e9 mardi des mesures de protection contre le coronavirus.Selon le pr\u00e9sident de l\u2019Association des travailleurs des mines et du syndicat de la construction (AMCU), Joseph Mathunjwa, les mineurs sont pr\u00eats \u00e0 reprendre le travail, mais seulement \u00e0 condition que le gouvernement prenne en compte leurs soucis de s\u00e9curit\u00e9 contre la pand\u00e9mie.<\/p>\n<p>Les travailleurs souhaitent que le renforcement par le ministre des Mines, Gwede Mantashe, des r\u00e8glements qui les prot\u00e9geraient de la contamination par le Covid-19 dans l\u2019exercice de leurs activit\u00e9s.<\/p>\n<p>\u00a0Le gouvernement a r\u00e9cemment ordonn\u00e9 aux soci\u00e9t\u00e9s mini\u00e8res de fonctionner \u00e0 50% de leur capacit\u00e9 jusqu\u2019\u00e0 la fin du confinement pr\u00e9vue le 30 avril.<\/p>\n<p>\u00a0Cependant, les mineurs veulent que des contr\u00f4les soient mis en place pour d\u00e9tecter et contenir la propagation du coronavirus, a expliqu\u00e9 leur syndicat .<\/p>\n<p>\u00a0Ces contr\u00f4les sont notamment le test des employ\u00e9s, la mise \u00e0 disposition d\u2019installations de quarantaine et l\u2019organisation du transport des travailleurs.<\/p>\n<p>\u00a0Les travailleurs souhaitent que le gouvernement publie dans le journal des normes de s\u00e9curit\u00e9 minimales pour l\u2019industrie mini\u00e8re avant de pouvoir reprendre les activit\u00e9s, a ajout\u00e9 le pr\u00e9sident de l\u2019AMCU .<\/p>\n<\/div>\n<p>Auteur: APA News<br \/>\n<a href=\"https:\/\/www.journalducameroun.com\/afsud-covid-19-les-mineurs-exigent-des-conditions-de-reprise-des-activites\/\">Cliquez ici pour lire l&rsquo;article depuis sa source.<\/a><\/p>\n","protected":false},"excerpt":{"rendered":"<p>Publi\u00e9 le 21.04.2020 \u00e0 22h18 par APA News La reprise des activit\u00e9s mini\u00e8res annonc\u00e9e par le gouvernement sud-africain inqui\u00e8te les travailleurs du secteur qui ont exig\u00e9 mardi des mesures de protection contre le coronavirus.Selon le pr\u00e9sident de l\u2019Association des travailleurs des mines et du syndicat de la construction (AMCU), Joseph Mathunjwa, les mineurs sont pr\u00eats [&hellip;]<\/p>\n","protected":false},"author":1965,"featured_media":0,"comment_status":"closed","ping_status":"closed","sticky":false,"template":"","format":"standard","meta":{"fifu_image_url":"","fifu_image_alt":"","footnotes":""},"categories":[73,82],"tags":[],"class_list":["post-83076","post","type-post","status-publish","format-standard","hentry","category-actualite","category-cameroun"],"_links":{"self":[{"href":"https:\/\/linitiative.ca\/International\/wp-json\/wp\/v2\/posts\/83076","targetHints":{"allow":["GET"]}}],"collection":[{"href":"https:\/\/linitiative.ca\/International\/wp-json\/wp\/v2\/posts"}],"about":[{"href":"https:\/\/linitiative.ca\/International\/wp-json\/wp\/v2\/types\/post"}],"author":[{"embeddable":true,"href":"https:\/\/linitiative.ca\/International\/wp-json\/wp\/v2\/users\/1965"}],"replies":[{"embeddable":true,"href":"https:\/\/linitiative.ca\/International\/wp-json\/wp\/v2\/comments?post=83076"}],"version-history":[{"count":0,"href":"https:\/\/linitiative.ca\/International\/wp-json\/wp\/v2\/posts\/83076\/revisions"}],"wp:attachment":[{"href":"https:\/\/linitiative.ca\/International\/wp-json\/wp\/v2\/media?parent=83076"}],"wp:term":[{"taxonomy":"category","embeddable":true,"href":"https:\/\/linitiative.ca\/International\/wp-json\/wp\/v2\/categories?post=83076"},{"taxonomy":"post_tag","embeddable":true,"href":"https:\/\/linitiative.ca\/International\/wp-json\/wp\/v2\/tags?post=83076"}],"curies":[{"name":"wp","href":"https:\/\/api.w.org\/{rel}","templated":true}]}}