{"id":83077,"date":"2020-04-21T17:22:02","date_gmt":"2020-04-21T21:22:02","guid":{"rendered":"https:\/\/linitiative.ca\/International\/massacre-de-ngarbuh-comment-le-gouvernement-se-defausse-sur-les-militaires\/"},"modified":"2020-04-21T17:22:02","modified_gmt":"2020-04-21T21:22:02","slug":"massacre-de-ngarbuh-comment-le-gouvernement-se-defausse-sur-les-militaires","status":"publish","type":"post","link":"https:\/\/linitiative.ca\/International\/massacre-de-ngarbuh-comment-le-gouvernement-se-defausse-sur-les-militaires\/","title":{"rendered":"Massacre de Ngarbuh : comment le gouvernement se d\u00e9fausse sur les militaires"},"content":{"rendered":"<div readability=\"32\">\n<p>Publi\u00e9 le 21.04.2020 \u00e0 22h22 par JournalduCameroun.com<\/p>\n<\/div>\n<div readability=\"76\">\n<h2 class=\"c4\">Le ministre d\u2019Etat, Secr\u00e9taire g\u00e9n\u00e9ral de la pr\u00e9sidence de la R\u00e9publique pr\u00e9sente un r\u00e9cit des faits qui d\u00e9douane les sorties malheureuses et les menaces de membres du gouvernement contre des Ong.<\/h2>\n<p class=\"c5\">Un rapport rendu pr\u00e8s de deux mois apr\u00e8s avoir \u00e9t\u00e9 prescrit pour un d\u00e9lai de huit jours.<\/p>\n<p class=\"c5\">Ce n\u2019est pas la seule curiosit\u00e9 \u00e0 relever la communication du ministre d\u2019Etat, secr\u00e9taire g\u00e9n\u00e9ral de la pr\u00e9sidence de la R\u00e9publique du <strong>Cameroun<\/strong> portant r\u00e9sultats du rapport sur les \u00e9v\u00e8nements du 13 f\u00e9vrier 2020 \u00e0 <strong>Ngarbuh<\/strong>, r\u00e9gion du Nord-ouest.<\/p>\n<p class=\"c5\">Ce 21 avril, le ministre d\u2019Etat Ferdinand Ngoh Ngoh pr\u00e9sente une autre version des faits, issue du rapport d\u2019enqu\u00eate, en contradiction avec les sorties des ministres de la D\u00e9fense, de la \u00a0Communication et les coups de menton de <strong>Paul Atanga Nji<\/strong> charg\u00e9 de l\u2019Administration territoriale.<\/p>\n<p class=\"c5\">Ces membres du gouvernement affirmaient que l\u2019arm\u00e9e n\u2019avait commis aucune bavure. Ils rejetaient les accusations des organisations internationales.<\/p>\n<p class=\"c5\">Celles-ci avaient soutenu que des soldats ont tu\u00e9 des civils au cours d\u2019une op\u00e9ration de repr\u00e9sailles contre le village Ngarbuh.<\/p>\n<p class=\"c5\">Tout en rappelant que la tuerie de Ngarguh a fait 13 morts (3 femmes et 10 enfants), que le d\u00e9tachement responsable de cette tuerie a tent\u00e9 de la masquer en provoquant un incendie\u00a0; le ministre Ngoh Ngoh rapporte que la communication officielle qui s\u2019est faite au lendemain de ces \u00e9v\u00e8nements \u00e9tait bas\u00e9e sur le rapport que <em>\u00ab\u00a0le Sergent BABA GUIDA qui a conduit l\u2019op\u00e9ration, a adress\u00e9 \u00e0 sa hi\u00e9rarchie un compte rendu volontairement biais\u00e9. Compte rendu sur la base duquel le Gouvernement a initialement fond\u00e9 sa communication\u00a0\u00bb<\/em>.<\/p>\n<p class=\"c5\">En clair, toute la logorrh\u00e9e du ministre de la Communication notant que l\u2019arm\u00e9e est victime \u00ab\u00a0<em>des stigmatisations et des calomnies injustifi\u00e9es\u00a0\u00bb<\/em> et qu\u2019elle n\u2019avait commis aucune bavure\u00a0n\u2019est le fait que d\u2019un rapport biais\u00e9 d\u2019un sous-officier qui a voulu masquer une bavure.<\/p>\n<p class=\"c5\">Tout comme les menaces du ministre de l\u2019Administration territoriale contre les activit\u00e9s des Ong. Paul Atanga Nji les accusait d\u2019avoir per\u00e7u des milliards Fcfa pour tenir l\u2019image de l\u2019arm\u00e9e dans la guerre contre les s\u00e9paratistes.<\/p>\n<p>Apr\u00e8s avoir proc\u00e9d\u00e9 par tous les exc\u00e8s de langage pour accuser ceux qui pointaient la responsabilit\u00e9 de l\u2019arm\u00e9e, le gouvernement l\u00e2che finalement les soldats responsables de l\u2019imbroglio. Les ministres mis en cause vont-ils faire amende honorable\u00a0? C\u2019est peu s\u00fbr\u2026<\/p>\n<p class=\"c5\">Au finish, quatre soldats et gendarmes vont r\u00e9pondre du massacre de Ngarguh.<\/p>\n<\/div>\n<p>Auteur: Ludovic Amara<br \/>\n<a href=\"https:\/\/www.journalducameroun.com\/massacre-de-ngarbuh-comment-le-gouvernement-se-defausse-sur-les-militaires-cameroun\/\">Cliquez ici pour lire l&rsquo;article depuis sa source.<\/a><\/p>\n","protected":false},"excerpt":{"rendered":"<p>Publi\u00e9 le 21.04.2020 \u00e0 22h22 par JournalduCameroun.com Le ministre d\u2019Etat, Secr\u00e9taire g\u00e9n\u00e9ral de la pr\u00e9sidence de la R\u00e9publique pr\u00e9sente un r\u00e9cit des faits qui d\u00e9douane les sorties malheureuses et les menaces de membres du gouvernement contre des Ong. Un rapport rendu pr\u00e8s de deux mois apr\u00e8s avoir \u00e9t\u00e9 prescrit pour un d\u00e9lai de huit jours. [&hellip;]<\/p>\n","protected":false},"author":1965,"featured_media":0,"comment_status":"closed","ping_status":"closed","sticky":false,"template":"","format":"standard","meta":{"fifu_image_url":"","fifu_image_alt":"","footnotes":""},"categories":[73,82],"tags":[],"class_list":["post-83077","post","type-post","status-publish","format-standard","hentry","category-actualite","category-cameroun"],"_links":{"self":[{"href":"https:\/\/linitiative.ca\/International\/wp-json\/wp\/v2\/posts\/83077","targetHints":{"allow":["GET"]}}],"collection":[{"href":"https:\/\/linitiative.ca\/International\/wp-json\/wp\/v2\/posts"}],"about":[{"href":"https:\/\/linitiative.ca\/International\/wp-json\/wp\/v2\/types\/post"}],"author":[{"embeddable":true,"href":"https:\/\/linitiative.ca\/International\/wp-json\/wp\/v2\/users\/1965"}],"replies":[{"embeddable":true,"href":"https:\/\/linitiative.ca\/International\/wp-json\/wp\/v2\/comments?post=83077"}],"version-history":[{"count":0,"href":"https:\/\/linitiative.ca\/International\/wp-json\/wp\/v2\/posts\/83077\/revisions"}],"wp:attachment":[{"href":"https:\/\/linitiative.ca\/International\/wp-json\/wp\/v2\/media?parent=83077"}],"wp:term":[{"taxonomy":"category","embeddable":true,"href":"https:\/\/linitiative.ca\/International\/wp-json\/wp\/v2\/categories?post=83077"},{"taxonomy":"post_tag","embeddable":true,"href":"https:\/\/linitiative.ca\/International\/wp-json\/wp\/v2\/tags?post=83077"}],"curies":[{"name":"wp","href":"https:\/\/api.w.org\/{rel}","templated":true}]}}