{"id":83079,"date":"2020-04-21T10:26:48","date_gmt":"2020-04-21T14:26:48","guid":{"rendered":"https:\/\/linitiative.ca\/International\/le-cameroun-beneficie-de-deux-projets-de-lutte-contre-le-covid-finances-par-lafd\/"},"modified":"2020-04-21T10:26:48","modified_gmt":"2020-04-21T14:26:48","slug":"le-cameroun-beneficie-de-deux-projets-de-lutte-contre-le-covid-finances-par-lafd","status":"publish","type":"post","link":"https:\/\/linitiative.ca\/International\/le-cameroun-beneficie-de-deux-projets-de-lutte-contre-le-covid-finances-par-lafd\/","title":{"rendered":"Le Cameroun b\u00e9n\u00e9ficie de deux projets de lutte contre le Covid Financ\u00e9s par l\u2019AFD"},"content":{"rendered":"<p>Dans un communiqu\u00e9 rendu public ce 21 avril, l\u2019Agence Fran\u00e7aise de D\u00e9veloppement (AFD) a annonc\u00e9 le financement de six premiers projets pour soutenir 16 pays africains dans la lutte contre la pand\u00e9mie du Covid-19. Un financement qui rentre dans le cadre de son initiative d\u00e9nomm\u00e9e \u00ab\u00a0Covid-19-Sant\u00e9 en commun\u00a0\u00bb.<\/p>\n<p>Pour un premier jet, le financement de l\u2019AFD se chiffre \u00e0 12 millions d\u2019euros en subvention soit 7,871 milliards de FCFA. Il est question \u00e0 travers cette action qui touche en priorit\u00e9 l\u2019Afrique subsaharienne et les pays de l\u2019oc\u00e9an Indien, de freiner la progression du nouveau coronavirus.<\/p>\n<p>Sur\u00a0ces 6 projets, le Cameroun b\u00e9n\u00e9ficiera de deux d\u2019entre eux. Il s\u2019agit du projet d\u2019appui \u00e0 la recherche-action sur la pand\u00e9mie et \u00e0 la d\u00e9finition de la riposte africaine \u00e0 l\u2019\u00e9pid\u00e9mie de Covid-19 (Ariacov), dont le montant de subvention est de 2,2 millions d\u2019euros au b\u00e9n\u00e9fice de l\u2019Institut de Recherche pour le D\u00e9veloppement (IRD)\u00a0et\u00a0le projet de le\u00a0renforcement des capacit\u00e9s de r\u00e9ponse des minist\u00e8res de la Sant\u00e9 en Afrique \u00e0 la pand\u00e9mie de Covid-19, pour un co\u00fbt de\u00a02 millions d\u2019euros. Les financements ici annonc\u00e9s seront r\u00e9partis entre le B\u00e9nin, Cameroun, Ghana, Guin\u00e9e, R\u00e9publique d\u00e9mocratique du Congo et S\u00e9n\u00e9gal pour le premier projet et le S\u00e9n\u00e9gal, le Burkina Faso, le Cameroun, la R\u00e9publique centrafricaine et la R\u00e9publique d\u00e9mocratique du Congo pour le second.<\/p>\n<p class=\"has-background has-very-light-gray-background-color c2\"><code><strong>Lire aussi :<\/strong><\/code> <strong><a href=\"https:\/\/ecomatin.net\/financements-lafd-a-injecte-179-milliards-fcfa-dans-leconomie-camerounaise\/\">l\u2019AFD a inject\u00e9 179 milliards FCFA dans l\u2019\u00e9conomie camerounaise<\/a><\/strong><\/p>\n<p>Les projets qui touchent le Cameroun, avaient d\u00e9j\u00e0 \u00e9t\u00e9 pr\u00e9sent\u00e9s par l\u2019ambassadeur de France au Cameroun. C\u2019\u00e9tait au cours d\u2019une audience \u00e0 lui accord\u00e9e par le Ministre de la Recherche scientifique et de l\u2019Innovation(MINRESI). S.E Christophe Guilhou annon\u00e7ait alors qu\u2019un financement de 700\u00a0millions de F CFA allait \u00eatre mis \u00e0 la disposition du Cameroun pour soutenir la recherche Scientifique. Ces fonds seront consacr\u00e9s aux activit\u00e9s des chercheurs du Centre Pasteur, de l\u2019Institut de recherche pour le d\u00e9veloppement (IRD) et du Centre de coop\u00e9ration internationale en recherche agronomique pour le d\u00e9veloppement du Cameroun (Cirad).<\/p>\n<p>Les autres projets financ\u00e9s par l\u2019AFD dans le cadre de l\u2019initiative \u00ab\u00a0Covid-19-Sant\u00e9 en commun\u00a0\u00bb sont entre autres le\u00a0financement du r\u00e9seau de surveillance \u00e9pid\u00e9miologique et de gestion des alertes dans l\u2019oc\u00e9an Indien(2\u00a0millions euros), l\u2019appui aux Instituts Pasteur en Afrique pour le d\u00e9pistage rapide du Covid-19(2 millions d\u2019euros),\u00a0le\u00a0renforcement des capacit\u00e9s de diagnostic du Covid-19 (projet Resaolab\u00a0; 1,5\u00a0million d\u2019euros\u00a0 ), et enfin l\u2019appui d\u2019urgence aux h\u00f4pitaux de R\u00e9publique d\u00e9mocratique du Congo (RDC) \u2013 pour un meilleur traitement des patients (Promekin II), subventionn\u00e9 \u00e0 hauteurde2 millions d\u2019euros.<\/p>\n<div class=\"awac-wrapper awac widget posts-list-widget-13\">\n<h4 class=\"widget-title\">Recent Posts<\/h4>\n<\/div>\n<p>Auteur: EcoMatin<br \/>\n<a href=\"https:\/\/ecomatin.net\/le-cameroun-beneficie-de-deux-projets-de-lutte-contre-le-covid-finances-par-lafd\/\">Cliquez ici pour lire l&rsquo;article depuis sa source.<\/a><\/p>\n","protected":false},"excerpt":{"rendered":"<p>Dans un communiqu\u00e9 rendu public ce 21 avril, l\u2019Agence Fran\u00e7aise de D\u00e9veloppement (AFD) a annonc\u00e9 le financement de six premiers projets pour soutenir 16 pays africains dans la lutte contre la pand\u00e9mie du Covid-19. Un financement qui rentre dans le cadre de son initiative d\u00e9nomm\u00e9e \u00ab\u00a0Covid-19-Sant\u00e9 en commun\u00a0\u00bb. Pour un premier jet, le financement de [&hellip;]<\/p>\n","protected":false},"author":1969,"featured_media":0,"comment_status":"closed","ping_status":"closed","sticky":false,"template":"","format":"standard","meta":{"fifu_image_url":"","fifu_image_alt":"","footnotes":""},"categories":[82,78],"tags":[],"class_list":["post-83079","post","type-post","status-publish","format-standard","hentry","category-cameroun","category-economie"],"_links":{"self":[{"href":"https:\/\/linitiative.ca\/International\/wp-json\/wp\/v2\/posts\/83079","targetHints":{"allow":["GET"]}}],"collection":[{"href":"https:\/\/linitiative.ca\/International\/wp-json\/wp\/v2\/posts"}],"about":[{"href":"https:\/\/linitiative.ca\/International\/wp-json\/wp\/v2\/types\/post"}],"author":[{"embeddable":true,"href":"https:\/\/linitiative.ca\/International\/wp-json\/wp\/v2\/users\/1969"}],"replies":[{"embeddable":true,"href":"https:\/\/linitiative.ca\/International\/wp-json\/wp\/v2\/comments?post=83079"}],"version-history":[{"count":0,"href":"https:\/\/linitiative.ca\/International\/wp-json\/wp\/v2\/posts\/83079\/revisions"}],"wp:attachment":[{"href":"https:\/\/linitiative.ca\/International\/wp-json\/wp\/v2\/media?parent=83079"}],"wp:term":[{"taxonomy":"category","embeddable":true,"href":"https:\/\/linitiative.ca\/International\/wp-json\/wp\/v2\/categories?post=83079"},{"taxonomy":"post_tag","embeddable":true,"href":"https:\/\/linitiative.ca\/International\/wp-json\/wp\/v2\/tags?post=83079"}],"curies":[{"name":"wp","href":"https:\/\/api.w.org\/{rel}","templated":true}]}}