{"id":83080,"date":"2020-04-21T11:27:56","date_gmt":"2020-04-21T15:27:56","guid":{"rendered":"https:\/\/linitiative.ca\/International\/le-theme-du-20mai-est-connu\/"},"modified":"2020-04-21T11:27:56","modified_gmt":"2020-04-21T15:27:56","slug":"le-theme-du-20mai-est-connu","status":"publish","type":"post","link":"https:\/\/linitiative.ca\/International\/le-theme-du-20mai-est-connu\/","title":{"rendered":"Le th\u00e8me du 20mai est connu"},"content":{"rendered":"<div id=\"the-post\">\n<div class=\"featured-area featured-area-inner\" readability=\"7\"><img loading=\"lazy\" decoding=\"async\" width=\"512\" height=\"312\" src=\"https:\/\/ecomatin.net\/wp-content\/uploads\/2020\/04\/PARADE-MILITAIRE.jpg\" class=\"attachment-jannah-image-post size-jannah-image-post wp-post-image\" alt=\"Parade Militaire au boulevard du 20mai\" srcset=\"https:\/\/ecomatin.net\/wp-content\/uploads\/2020\/04\/PARADE-MILITAIRE.jpg 512w, https:\/\/ecomatin.net\/wp-content\/uploads\/2020\/04\/PARADE-MILITAIRE-300x183.jpg 300w\" sizes=\"auto, (max-width: 512px) 100vw, 512px\" data-attachment-id=\"15282\" data-permalink=\"https:\/\/ecomatin.net\/le-theme-du-20mai-est-connu\/parade-militaire\/\" data-orig-file=\"https:\/\/ecomatin.net\/wp-content\/uploads\/2020\/04\/PARADE-MILITAIRE.jpg\" data-orig-size=\"512,312\" data-comments-opened=\"0\" data-image-meta=\"{&quot;aperture&quot;:&quot;0&quot;,&quot;credit&quot;:&quot;&quot;,&quot;camera&quot;:&quot;&quot;,&quot;caption&quot;:&quot;&quot;,&quot;created_timestamp&quot;:&quot;0&quot;,&quot;copyright&quot;:&quot;&quot;,&quot;focal_length&quot;:&quot;0&quot;,&quot;iso&quot;:&quot;0&quot;,&quot;shutter_speed&quot;:&quot;0&quot;,&quot;title&quot;:&quot;&quot;,&quot;orientation&quot;:&quot;0&quot;}\" data-image-title=\"PARADE MILITAIRE\" data-image-description=\"\" data-medium-file=\"https:\/\/ecomatin.net\/wp-content\/uploads\/2020\/04\/PARADE-MILITAIRE-300x183.jpg\" data-large-file=\"https:\/\/ecomatin.net\/wp-content\/uploads\/2020\/04\/PARADE-MILITAIRE.jpg\"\/> Parade Militaire au boulevard du 20mai<\/div>\n<div class=\"entry-content entry clearfix\" readability=\"35.3873239437\">\n<p>\u00a0\u00ab\u00a0<em>Tous unis face \u00e0 la pand\u00e9mie du COvid-19\u00a0 pour un Cameroun r\u00e9silient, r\u00e9solument tourn\u00e9 vers la paix, la stabilit\u00e9, et le d\u00e9veloppement<\/em>\u00a0\u00bb. \u00a0\u00a0C\u2019est sous ce th\u00e8me que se c\u00e9l\u00e8brera la 38<sup>\u00e8me<\/sup>\u00a0\u00e9dition de f\u00eate de l\u2019unit\u00e9 nationale.<\/p>\n<p>Ce th\u00e8me, prescrit par le Chef de l\u2019Etat, a \u00e9t\u00e9 rendu public par le ministre d\u00e9l\u00e9gu\u00e9 \u00e0 la pr\u00e9sidence charg\u00e9 de la d\u00e9fense. Une preuve s\u2019il en fallait encore, que la c\u00e9l\u00e9bration de l\u2019Etat unitaire se tiendra bien cette ann\u00e9e, malgr\u00e9 la menace du Covid-19 qui plane encore sur le pays et les soup\u00e7ons de reports \u00e9mis au sein de l\u2019opinion publique.<\/p>\n<p>N\u00e9anmoins, avec la forte propagation de la pand\u00e9mie, tout porte \u00e0 croire que la c\u00e9l\u00e9bration de cette ann\u00e9e aura une teinture particuli\u00e8re. La traditionnelle parade au boulevard du 20 mai pourrait bien inclure les mesures barri\u00e8res li\u00e9es au Covid-19.<\/p>\n<p class=\"has-text-color has-background has-text-align-justify has-vivid-cyan-blue-color has-very-light-gray-background-color c2\"><code><strong>Lire aussi<\/strong><\/code><strong><code>:<\/code> <a href=\"https:\/\/ecomatin.net\/coronavirus-paul-biya-fait-un-don-de-materiels-dune-valeur-de-2-milliards-de-f-cfa-aux-360-arrondissements-du-cameroun\/\">Paul Biya fait un don de mat\u00e9riels d\u2019une valeur de 2 milliards de F CFA aux 360 arrondissements du Cameroun<\/a><\/strong><\/p>\n<div class=\"awac-wrapper awac widget posts-list-widget-13\">\n<h4 class=\"widget-title\">Recent Posts<\/h4>\n<\/div>\n<\/div>\n<\/div>\n<div readability=\"31.5\">\n<div class=\"container-wrapper subscribe-widget widget-inner-wrap subscribe-widget-content\" id=\"post-newsletter\" readability=\"33\">\n<h4>With Product You Purchase<\/h4>\n<h3>Subscribe to our mailing list to get the new updates!<\/h3>\n<p>Lorem ipsum dolor sit amet, consectetur.<\/p>\n<\/div>\n<\/div>\n<p>Auteur: EcoMatin<br \/>\n<a href=\"https:\/\/ecomatin.net\/le-theme-du-20mai-est-connu\/\">Cliquez ici pour lire l&rsquo;article depuis sa source.<\/a><\/p>\n","protected":false},"excerpt":{"rendered":"<p>Parade Militaire au boulevard du 20mai \u00a0\u00ab\u00a0Tous unis face \u00e0 la pand\u00e9mie du COvid-19\u00a0 pour un Cameroun r\u00e9silient, r\u00e9solument tourn\u00e9 vers la paix, la stabilit\u00e9, et le d\u00e9veloppement\u00a0\u00bb. \u00a0\u00a0C\u2019est sous ce th\u00e8me que se c\u00e9l\u00e8brera la 38\u00e8me\u00a0\u00e9dition de f\u00eate de l\u2019unit\u00e9 nationale. Ce th\u00e8me, prescrit par le Chef de l\u2019Etat, a \u00e9t\u00e9 rendu public par [&hellip;]<\/p>\n","protected":false},"author":1969,"featured_media":0,"comment_status":"closed","ping_status":"closed","sticky":false,"template":"","format":"standard","meta":{"fifu_image_url":"","fifu_image_alt":"","footnotes":""},"categories":[82,78],"tags":[],"class_list":["post-83080","post","type-post","status-publish","format-standard","hentry","category-cameroun","category-economie"],"_links":{"self":[{"href":"https:\/\/linitiative.ca\/International\/wp-json\/wp\/v2\/posts\/83080","targetHints":{"allow":["GET"]}}],"collection":[{"href":"https:\/\/linitiative.ca\/International\/wp-json\/wp\/v2\/posts"}],"about":[{"href":"https:\/\/linitiative.ca\/International\/wp-json\/wp\/v2\/types\/post"}],"author":[{"embeddable":true,"href":"https:\/\/linitiative.ca\/International\/wp-json\/wp\/v2\/users\/1969"}],"replies":[{"embeddable":true,"href":"https:\/\/linitiative.ca\/International\/wp-json\/wp\/v2\/comments?post=83080"}],"version-history":[{"count":0,"href":"https:\/\/linitiative.ca\/International\/wp-json\/wp\/v2\/posts\/83080\/revisions"}],"wp:attachment":[{"href":"https:\/\/linitiative.ca\/International\/wp-json\/wp\/v2\/media?parent=83080"}],"wp:term":[{"taxonomy":"category","embeddable":true,"href":"https:\/\/linitiative.ca\/International\/wp-json\/wp\/v2\/categories?post=83080"},{"taxonomy":"post_tag","embeddable":true,"href":"https:\/\/linitiative.ca\/International\/wp-json\/wp\/v2\/tags?post=83080"}],"curies":[{"name":"wp","href":"https:\/\/api.w.org\/{rel}","templated":true}]}}