{"id":83081,"date":"2020-04-21T12:44:38","date_gmt":"2020-04-21T16:44:38","guid":{"rendered":"https:\/\/linitiative.ca\/International\/joseph-dion-ngute-renforce-le-dispositif-des-centres-speciaux-de-traitement-du-covid-19\/"},"modified":"2020-04-21T12:44:38","modified_gmt":"2020-04-21T16:44:38","slug":"joseph-dion-ngute-renforce-le-dispositif-des-centres-speciaux-de-traitement-du-covid-19","status":"publish","type":"post","link":"https:\/\/linitiative.ca\/International\/joseph-dion-ngute-renforce-le-dispositif-des-centres-speciaux-de-traitement-du-covid-19\/","title":{"rendered":"Joseph Dion Ngute renforce le dispositif des centres sp\u00e9ciaux de traitement du Covid-19"},"content":{"rendered":"<div id=\"the-post\">\n<div class=\"featured-area featured-area-inner\" readability=\"8\"><img loading=\"lazy\" decoding=\"async\" width=\"474\" height=\"316\" src=\"https:\/\/ecomatin.net\/wp-content\/uploads\/2020\/04\/STADE-MILITAIRE-1.jpg\" class=\"attachment-jannah-image-post size-jannah-image-post wp-post-image\" alt=\"Le stade militaire de Yaound&#xE9; r&#xE9;am&#xE9;nag&#xE9; pour la prise en charge des patients atteints de coronavirus\" srcset=\"https:\/\/ecomatin.net\/wp-content\/uploads\/2020\/04\/STADE-MILITAIRE-1.jpg 474w, https:\/\/ecomatin.net\/wp-content\/uploads\/2020\/04\/STADE-MILITAIRE-1-300x200.jpg 300w\" sizes=\"auto, (max-width: 474px) 100vw, 474px\" data-attachment-id=\"15297\" data-permalink=\"https:\/\/ecomatin.net\/joseph-dion-ngute-renforce-le-dispositif-des-centres-speciaux-de-traitement-du-covid-19\/stade-militaire-2\/\" data-orig-file=\"https:\/\/ecomatin.net\/wp-content\/uploads\/2020\/04\/STADE-MILITAIRE-1.jpg\" data-orig-size=\"474,316\" data-comments-opened=\"0\" data-image-meta=\"{&quot;aperture&quot;:&quot;0&quot;,&quot;credit&quot;:&quot;&quot;,&quot;camera&quot;:&quot;&quot;,&quot;caption&quot;:&quot;&quot;,&quot;created_timestamp&quot;:&quot;0&quot;,&quot;copyright&quot;:&quot;&quot;,&quot;focal_length&quot;:&quot;0&quot;,&quot;iso&quot;:&quot;0&quot;,&quot;shutter_speed&quot;:&quot;0&quot;,&quot;title&quot;:&quot;&quot;,&quot;orientation&quot;:&quot;0&quot;}\" data-image-title=\"STADE MILITAIRE\" data-image-description=\"\" data-medium-file=\"https:\/\/ecomatin.net\/wp-content\/uploads\/2020\/04\/STADE-MILITAIRE-1-300x200.jpg\" data-large-file=\"https:\/\/ecomatin.net\/wp-content\/uploads\/2020\/04\/STADE-MILITAIRE-1.jpg\"\/> Le stade militaire de Yaound\u00e9 r\u00e9am\u00e9nag\u00e9 pour la prise en charge des patients atteints de coronavirus<\/div>\n<div class=\"entry-content entry clearfix\" readability=\"42.6025399812\">\n<p>Le 20 avril 2020, le Premier ministre Joseph Dion Ngute a sign\u00e9 un arr\u00eat\u00e9 portant cr\u00e9ation et fonctionnement des Centres sp\u00e9ciaux de prise en charge des patients Covid-19(+Cspp-Covid-19). Ceux-ci\u00a0 sont localis\u00e9s \u00e0 Yaound\u00e9 au stade militaire et l\u2019ancien b\u00e2timent de l\u2019entreprise Orca, au lieu-dit Carrefour Zoe\u00a0; \u00e0 Douala au stade Mbape Leppe et le camp des logements sociaux de Yassa\u00a0; \u00e0 Garoua \u00e0 l\u2019esplanade du stade de Roumde Adja\u00a0; \u00e0 Limbe au Middle Farm Stadium\u00a0et \u00e0 Bafoussam au camp des logements sociaux et au stade Toket.<\/p>\n<p>Lesdits centres ont vocation \u00e0 faire le suivi m\u00e9dical des patients victimes du Covid-19. Quant-au volet administratif, ces structures sanitaires ont \u00e0 leur t\u00eate un chef de centre assist\u00e9 de deux adjoints. Ces derniers, qui sont des m\u00e9decins sp\u00e9cialistes ou g\u00e9n\u00e9ralistes, sont d\u00e9sign\u00e9s par d\u00e9cision du ministre de la Sant\u00e9 publique.<\/p>\n<p>Pr\u00e9cisons que les centres sp\u00e9ciaux de prise en charges des patients Covid-19 sont des annexes des formations sanitaires que sont l\u2019h\u00f4pital Central de Yaound\u00e9 pour les annexes de Yaound\u00e9\u00a0; l\u2019h\u00f4pital Laquintinie pour les annexes de Douala, l\u2019h\u00f4pital r\u00e9gional de Garoua pour le stade Roumd\u00e9 Adja, et les centres sp\u00e9ciaux de Limb\u00e9 et Bafoussam pour les h\u00f4pitaux r\u00e9gionaux respectifs de Limb\u00e9 et Bafoussam.<\/p>\n<p>L\u2019arr\u00eat\u00e9 du premier ministre pr\u00e9cise par ailleurs que d\u2019autres centres seront cr\u00e9\u00e9s dans d\u2019autres localit\u00e9s en tant que de besoin.<\/p>\n<p class=\"has-background has-very-light-gray-background-color c2\"><code><strong>Lire aussi :<\/strong><\/code> <strong>\u00a0<\/strong><a href=\"https:\/\/ecomatin.net\/coronavirus-le-stade-militaire-de-yaounde-transforme-en-hopital-de-campagne\/\"><strong>le stade militaire de Yaound\u00e9 transform\u00e9 en h\u00f4pital de campagne<\/strong><\/a><\/p>\n<div class=\"awac-wrapper awac widget posts-list-widget-13\">\n<h4 class=\"widget-title\">Recent Posts<\/h4>\n<\/div>\n<\/div>\n<\/div>\n<div readability=\"31.5\">\n<div class=\"container-wrapper subscribe-widget widget-inner-wrap subscribe-widget-content\" id=\"post-newsletter\" readability=\"33\">\n<h4>With Product You Purchase<\/h4>\n<h3>Subscribe to our mailing list to get the new updates!<\/h3>\n<p>Lorem ipsum dolor sit amet, consectetur.<\/p>\n<\/div>\n<\/div>\n<p>Auteur: EcoMatin<br \/>\n<a href=\"https:\/\/ecomatin.net\/joseph-dion-ngute-renforce-le-dispositif-des-centres-speciaux-de-traitement-du-covid-19\/\">Cliquez ici pour lire l&rsquo;article depuis sa source.<\/a><\/p>\n","protected":false},"excerpt":{"rendered":"<p>Le stade militaire de Yaound\u00e9 r\u00e9am\u00e9nag\u00e9 pour la prise en charge des patients atteints de coronavirus Le 20 avril 2020, le Premier ministre Joseph Dion Ngute a sign\u00e9 un arr\u00eat\u00e9 portant cr\u00e9ation et fonctionnement des Centres sp\u00e9ciaux de prise en charge des patients Covid-19(+Cspp-Covid-19). Ceux-ci\u00a0 sont localis\u00e9s \u00e0 Yaound\u00e9 au stade militaire et l\u2019ancien b\u00e2timent [&hellip;]<\/p>\n","protected":false},"author":1969,"featured_media":0,"comment_status":"closed","ping_status":"closed","sticky":false,"template":"","format":"standard","meta":{"fifu_image_url":"","fifu_image_alt":"","footnotes":""},"categories":[82,78],"tags":[],"class_list":["post-83081","post","type-post","status-publish","format-standard","hentry","category-cameroun","category-economie"],"_links":{"self":[{"href":"https:\/\/linitiative.ca\/International\/wp-json\/wp\/v2\/posts\/83081","targetHints":{"allow":["GET"]}}],"collection":[{"href":"https:\/\/linitiative.ca\/International\/wp-json\/wp\/v2\/posts"}],"about":[{"href":"https:\/\/linitiative.ca\/International\/wp-json\/wp\/v2\/types\/post"}],"author":[{"embeddable":true,"href":"https:\/\/linitiative.ca\/International\/wp-json\/wp\/v2\/users\/1969"}],"replies":[{"embeddable":true,"href":"https:\/\/linitiative.ca\/International\/wp-json\/wp\/v2\/comments?post=83081"}],"version-history":[{"count":0,"href":"https:\/\/linitiative.ca\/International\/wp-json\/wp\/v2\/posts\/83081\/revisions"}],"wp:attachment":[{"href":"https:\/\/linitiative.ca\/International\/wp-json\/wp\/v2\/media?parent=83081"}],"wp:term":[{"taxonomy":"category","embeddable":true,"href":"https:\/\/linitiative.ca\/International\/wp-json\/wp\/v2\/categories?post=83081"},{"taxonomy":"post_tag","embeddable":true,"href":"https:\/\/linitiative.ca\/International\/wp-json\/wp\/v2\/tags?post=83081"}],"curies":[{"name":"wp","href":"https:\/\/api.w.org\/{rel}","templated":true}]}}