{"id":83082,"date":"2020-04-21T14:15:08","date_gmt":"2020-04-21T18:15:08","guid":{"rendered":"https:\/\/linitiative.ca\/International\/le-senat-offre-100-millions-de-fcfa-pour-la-riposte\/"},"modified":"2020-04-21T14:15:08","modified_gmt":"2020-04-21T18:15:08","slug":"le-senat-offre-100-millions-de-fcfa-pour-la-riposte","status":"publish","type":"post","link":"https:\/\/linitiative.ca\/International\/le-senat-offre-100-millions-de-fcfa-pour-la-riposte\/","title":{"rendered":"Le S\u00e9nat offre 100 millions de FCFA pour la riposte"},"content":{"rendered":"<div id=\"the-post\">\n<div class=\"featured-area featured-area-inner\" readability=\"8\"><img loading=\"lazy\" decoding=\"async\" width=\"780\" height=\"470\" src=\"https:\/\/ecomatin.net\/wp-content\/uploads\/2020\/04\/SEANAT-780x470.jpg\" class=\"attachment-jannah-image-post size-jannah-image-post wp-post-image\" alt=\"Marcel Niat Njifenji, Pr&#xE9;sident du S&#xE9;nat\" data-attachment-id=\"15309\" data-permalink=\"https:\/\/ecomatin.net\/le-senat-offre-100-millions-de-fcfa-pour-la-riposte\/seanat\/\" data-orig-file=\"https:\/\/ecomatin.net\/wp-content\/uploads\/2020\/04\/SEANAT.jpg\" data-orig-size=\"800,644\" data-comments-opened=\"0\" data-image-meta=\"{&quot;aperture&quot;:&quot;0&quot;,&quot;credit&quot;:&quot;&quot;,&quot;camera&quot;:&quot;&quot;,&quot;caption&quot;:&quot;&quot;,&quot;created_timestamp&quot;:&quot;0&quot;,&quot;copyright&quot;:&quot;&quot;,&quot;focal_length&quot;:&quot;0&quot;,&quot;iso&quot;:&quot;0&quot;,&quot;shutter_speed&quot;:&quot;0&quot;,&quot;title&quot;:&quot;&quot;,&quot;orientation&quot;:&quot;0&quot;}\" data-image-title=\"SEANAT\" data-image-description=\"\" data-medium-file=\"https:\/\/ecomatin.net\/wp-content\/uploads\/2020\/04\/SEANAT-300x242.jpg\" data-large-file=\"https:\/\/ecomatin.net\/wp-content\/uploads\/2020\/04\/SEANAT.jpg\"\/> Marcel Niat Njifenji, Pr\u00e9sident du S\u00e9nat<\/div>\n<div class=\"entry-content entry clearfix\" readability=\"35.8944645629\">\n<p>Lors de la cl\u00f4ture de la session ordinaire du mois de mars 2020 le 17 avril, la chambre haute du Parlement, par la voix de son pr\u00e9sident, annon\u00e7ait qu\u2019elle\u00a0\u00a0apporterait sa contribution au fonds de solidarit\u00e9 national initi\u00e9 par le Pr\u00e9sident de la R\u00e9publique le 31 mars dernier. A cet effet, Marcel Niat Njifenji a conduit, ce 20 avril, une d\u00e9l\u00e9gation de cette chambre du parlement pour remettre le ch\u00e8que d\u2019une valeur de 1000 millions de F CFA. C\u2019est depuis sa r\u00e9sidence de fonction \u00e0 Yaound\u00e9 que le ministre de la Sant\u00e9 publique Manaouda Malachie a r\u00e9ceptionn\u00e9 ledit cheque, le 20 avril. \u00ab\u00a0<em>Cette importante enveloppe va davantage contribuer \u00e0 renforcer \u00e0 renforcer notre moyen d\u2019action sur le terrain, notamment en mati\u00e8re d\u2019\u00e9quipements, en mati\u00e8re d\u2019acquisition de m\u00e9dicaments pour les patients, en mati\u00e8re de contr\u00f4le de l\u2019\u00e9pid\u00e9mie sur le terrain<\/em>\u00a0\u00bb, confie le Minsant\u00e9. Un geste de solidarit\u00e9 teint\u00e9 de d\u2019une d\u00e9marche r\u00e9publicaine que le pr\u00e9sident du s\u00e9nat a accompagn\u00e9 d\u2019un message \u00e0 l\u2019endroit des camerounais. \u00ab\u00a0<em>Nous sommes avec vous dans ce combat. Nous demandons \u00e0 nos compatriotes de se prot\u00e9ger. Car en le faisant, ils prot\u00e8gent les autres et ils prot\u00e8gent le pays<\/em>\u00a0\u00bb a martel\u00e9 le pr\u00e9sident camerounais du S\u00e9nat.<\/p>\n<p class=\"has-background has-very-light-gray-background-color c2\"><strong><code>&gt;&gt;Lire aussi:<\/code><\/strong><a href=\"https:\/\/ecomatin.net\/tag\/fonds-de-solidarite-contre-le-covid-19\/\"><strong>Fonds de solidarit\u00e9 contre le Covid-19<\/strong><\/a><\/p>\n<div class=\"awac-wrapper awac widget posts-list-widget-13\">\n<h4 class=\"widget-title\">Recent Posts<\/h4>\n<\/div>\n<\/div>\n<\/div>\n<div readability=\"31.5\">\n<div class=\"container-wrapper subscribe-widget widget-inner-wrap subscribe-widget-content\" id=\"post-newsletter\" readability=\"33\">\n<h4>With Product You Purchase<\/h4>\n<h3>Subscribe to our mailing list to get the new updates!<\/h3>\n<p>Lorem ipsum dolor sit amet, consectetur.<\/p>\n<\/div>\n<\/div>\n<p>Auteur: EcoMatin<br \/>\n<a href=\"https:\/\/ecomatin.net\/le-senat-offre-100-millions-de-fcfa-pour-la-riposte\/\">Cliquez ici pour lire l&rsquo;article depuis sa source.<\/a><\/p>\n","protected":false},"excerpt":{"rendered":"<p>Marcel Niat Njifenji, Pr\u00e9sident du S\u00e9nat Lors de la cl\u00f4ture de la session ordinaire du mois de mars 2020 le 17 avril, la chambre haute du Parlement, par la voix de son pr\u00e9sident, annon\u00e7ait qu\u2019elle\u00a0\u00a0apporterait sa contribution au fonds de solidarit\u00e9 national initi\u00e9 par le Pr\u00e9sident de la R\u00e9publique le 31 mars dernier. A cet [&hellip;]<\/p>\n","protected":false},"author":1969,"featured_media":0,"comment_status":"closed","ping_status":"closed","sticky":false,"template":"","format":"standard","meta":{"fifu_image_url":"","fifu_image_alt":"","footnotes":""},"categories":[82,78],"tags":[],"class_list":["post-83082","post","type-post","status-publish","format-standard","hentry","category-cameroun","category-economie"],"_links":{"self":[{"href":"https:\/\/linitiative.ca\/International\/wp-json\/wp\/v2\/posts\/83082","targetHints":{"allow":["GET"]}}],"collection":[{"href":"https:\/\/linitiative.ca\/International\/wp-json\/wp\/v2\/posts"}],"about":[{"href":"https:\/\/linitiative.ca\/International\/wp-json\/wp\/v2\/types\/post"}],"author":[{"embeddable":true,"href":"https:\/\/linitiative.ca\/International\/wp-json\/wp\/v2\/users\/1969"}],"replies":[{"embeddable":true,"href":"https:\/\/linitiative.ca\/International\/wp-json\/wp\/v2\/comments?post=83082"}],"version-history":[{"count":0,"href":"https:\/\/linitiative.ca\/International\/wp-json\/wp\/v2\/posts\/83082\/revisions"}],"wp:attachment":[{"href":"https:\/\/linitiative.ca\/International\/wp-json\/wp\/v2\/media?parent=83082"}],"wp:term":[{"taxonomy":"category","embeddable":true,"href":"https:\/\/linitiative.ca\/International\/wp-json\/wp\/v2\/categories?post=83082"},{"taxonomy":"post_tag","embeddable":true,"href":"https:\/\/linitiative.ca\/International\/wp-json\/wp\/v2\/tags?post=83082"}],"curies":[{"name":"wp","href":"https:\/\/api.w.org\/{rel}","templated":true}]}}