{"id":83085,"date":"2020-04-22T10:42:45","date_gmt":"2020-04-22T14:42:45","guid":{"rendered":"https:\/\/linitiative.ca\/International\/sept-hotels-ouverts-a-agadir-pour-accueillir-deventuels-cas-contamines-au-covid-19\/"},"modified":"2020-04-22T10:42:45","modified_gmt":"2020-04-22T14:42:45","slug":"sept-hotels-ouverts-a-agadir-pour-accueillir-deventuels-cas-contamines-au-covid-19","status":"publish","type":"post","link":"https:\/\/linitiative.ca\/International\/sept-hotels-ouverts-a-agadir-pour-accueillir-deventuels-cas-contamines-au-covid-19\/","title":{"rendered":"Sept h\u00f4tels ouverts \u00e0 Agadir pour accueillir d\u2019\u00e9ventuels cas contamin\u00e9s au Covid-19"},"content":{"rendered":"<p><img decoding=\"async\" class=\"post_layout_5_img\" src=\"http:\/\/aujourdhui.ma\/wp-content\/uploads\/2020\/04\/atlantic-palace.jpg?x29840\" alt=\"Sept h&#xF4;tels ouverts &#xE0; Agadir pour accueillir d&#x2019;&#xE9;ventuels cas contamin&#xE9;s au Covid-19\"\/><\/p>\n<p><span class=\"c5\"><strong><span class=\"c4\">Ils mobilisent un total de 530 lits<\/span><\/strong><\/span><br \/><span id=\"more-342470\"\/><\/p>\n<p><span class=\"c6\">L\u2019ONEE a mis gratuitement son \u00e9tablissement d\u2019accueil d\u2019Agadir \u00e0 la disposition des cadres m\u00e9dicaux, param\u00e9dicaux et administratifs mobilis\u00e9s dans la lutte contre la propagation de la pand\u00e9mie du Covid-19.<\/span><\/p>\n<p>Sept h\u00f4tels class\u00e9s de la ville d\u2019Agadir ont commenc\u00e9 depuis le samedi 18 dernier \u00e0 accueillir des personnes mises en quarantaine et d\u2019\u00e9ventuels cas contamin\u00e9s au Covid-19.<\/p>\n<p>Les structures h\u00f4teli\u00e8res d\u2019Agadir adh\u00e8rent aux efforts d\u00e9ploy\u00e9s localement pour lutter contre le Covid-19, avec l\u2019ouverture de sept h\u00f4tels r\u00e9serv\u00e9s sp\u00e9cialement pour d\u2019\u00e9ventuels cas contamin\u00e9s et des personnes ayant c\u00f4toy\u00e9 les personnes d\u00e9clar\u00e9es positives. Les unit\u00e9s engag\u00e9es dans cette initiative, qui s\u2019inscrit dans le cadre de l\u2019\u00e9lan de solidarit\u00e9 nationale, initi\u00e9 par SM le Roi Mohammed VI pour endiguer la propagation du coronavirus, pourraient mobiliser jusqu\u2019\u00e0 530 lits.<\/p>\n<p>Ces structures ouvertes par le Comit\u00e9 de veille en coop\u00e9ration avec l\u2019Association de l\u2019industrie h\u00f4teli\u00e8re, le Conseil r\u00e9gional d\u2019Agadir Souss-Massa sont g\u00e9r\u00e9es par les staffs de la direction r\u00e9gionale de la sant\u00e9. Alors que d\u2019autres s\u2019ajouteront \u00e0 cette liste les prochains jours.<\/p>\n<p>D\u2019autres unit\u00e9s h\u00f4teli\u00e8res sont pr\u00eates \u00e0 adh\u00e9rer \u00e0 cette op\u00e9ration, alors que d\u2019autres structures h\u00f4teli\u00e8res locales abritent d\u00e9j\u00e0 des \u00e9quipes m\u00e9dicales mobilis\u00e9es dans la lutte contre cette crise sanitaire mondiale.<\/p>\n<p>L\u2019ONEE a \u00e9galement mis gratuitement son \u00e9tablissement d\u2019accueil d\u2019Agadir \u00e0 la disposition des cadres m\u00e9dicaux, param\u00e9dicaux et administratifs mobilis\u00e9s dans la lutte contre la propagation de la pand\u00e9mie du Covid-19. Cette d\u00e9marche solidaire vise \u00e0 fournir les conditions n\u00e9cessaires pour prendre en charge et isoler le personnel m\u00e9dical de leurs familles afin de lutter contre le danger de propagation du virus.<br \/>Pour rappel, trois nouveaux cas d\u2019infection au coronavirus (Covid-19) ont \u00e9t\u00e9 confirm\u00e9s au niveau de la r\u00e9gion Souss-Massa, jusqu\u2019\u00e0 lundi \u00e0 18h00, portant \u00e0 47 le nombre total des contaminations, a annonc\u00e9 la Direction r\u00e9gionale de la sant\u00e9.<\/p>\n<p>Les personnes d\u00e9clar\u00e9es gu\u00e9ries sont au nombre de 13, alors que le nombre de d\u00e9c\u00e8s a atteint un total de 5 personnes, a pr\u00e9cis\u00e9 la Direction r\u00e9gionale de la sant\u00e9 dans un bilan sur l\u2019\u00e9volution de la pand\u00e9mie du Covid-19 au niveau de la r\u00e9gion du Souss-Massa.<\/p>\n<p>S\u2019agissant de la r\u00e9partition g\u00e9ographique des cas de contamination, la pr\u00e9fecture d\u2019Agadir-Ida-Outanane figure en premi\u00e8re position avec 22 cas, suivie d\u2019Inezgane-Ait Melloul (18 cas), la province de Tata (4), Chtouka-Ait Baha (2) et Taroudant (1), alors qu\u2019aucun cas n\u2019a \u00e9t\u00e9 enregistr\u00e9 jusqu\u2019\u00e0 pr\u00e9sent dans la province de Tiznit.<br \/>Pour rappel, l\u2019H\u00f4pital R\u00e9gional Hassan II d\u2019Agadir est d\u00e9sormais autoris\u00e9 par le minist\u00e8re de la sant\u00e9 \u00e0 faire des tests de d\u00e9pistage de Covid-19. Le Laboratoire de microbiologie de l\u2019h\u00f4pital utilise, depuis la semaine derni\u00e8re, la technique de r\u00e9f\u00e9rence pour le diagnostic du Covid-19 selon des protocoles recommand\u00e9s, par le minist\u00e8re de la sant\u00e9, et ce en coordination avec le Centre hospitalier universitaire (CHU-Agadir).<br \/>L\u2019infrastructure sanitaire relevant du CHU se chargera, non seulement, de r\u00e9aliser des tests au profit des cas suspects de la r\u00e9gion Souss-Massa, mais \u00e9galement des trois autres r\u00e9gions du Sud du Royaume.<\/p>\n<p>Auteur: Mohamed Laabid<br \/>\n<a href=\"http:\/\/aujourdhui.ma\/societe\/sept-hotels-ouverts-a-agadir-pour-accueillir-deventuels-cas-contamines-au-covid-19\">Cliquez ici pour lire l&rsquo;article depuis sa source.<\/a><\/p>\n","protected":false},"excerpt":{"rendered":"<p>Ils mobilisent un total de 530 lits L\u2019ONEE a mis gratuitement son \u00e9tablissement d\u2019accueil d\u2019Agadir \u00e0 la disposition des cadres m\u00e9dicaux, param\u00e9dicaux et administratifs mobilis\u00e9s dans la lutte contre la propagation de la pand\u00e9mie du Covid-19. Sept h\u00f4tels class\u00e9s de la ville d\u2019Agadir ont commenc\u00e9 depuis le samedi 18 dernier \u00e0 accueillir des personnes mises [&hellip;]<\/p>\n","protected":false},"author":1759,"featured_media":0,"comment_status":"closed","ping_status":"closed","sticky":false,"template":"","format":"standard","meta":{"fifu_image_url":"","fifu_image_alt":"","footnotes":""},"categories":[73,54],"tags":[],"class_list":["post-83085","post","type-post","status-publish","format-standard","hentry","category-actualite","category-maroc"],"_links":{"self":[{"href":"https:\/\/linitiative.ca\/International\/wp-json\/wp\/v2\/posts\/83085","targetHints":{"allow":["GET"]}}],"collection":[{"href":"https:\/\/linitiative.ca\/International\/wp-json\/wp\/v2\/posts"}],"about":[{"href":"https:\/\/linitiative.ca\/International\/wp-json\/wp\/v2\/types\/post"}],"author":[{"embeddable":true,"href":"https:\/\/linitiative.ca\/International\/wp-json\/wp\/v2\/users\/1759"}],"replies":[{"embeddable":true,"href":"https:\/\/linitiative.ca\/International\/wp-json\/wp\/v2\/comments?post=83085"}],"version-history":[{"count":0,"href":"https:\/\/linitiative.ca\/International\/wp-json\/wp\/v2\/posts\/83085\/revisions"}],"wp:attachment":[{"href":"https:\/\/linitiative.ca\/International\/wp-json\/wp\/v2\/media?parent=83085"}],"wp:term":[{"taxonomy":"category","embeddable":true,"href":"https:\/\/linitiative.ca\/International\/wp-json\/wp\/v2\/categories?post=83085"},{"taxonomy":"post_tag","embeddable":true,"href":"https:\/\/linitiative.ca\/International\/wp-json\/wp\/v2\/tags?post=83085"}],"curies":[{"name":"wp","href":"https:\/\/api.w.org\/{rel}","templated":true}]}}