{"id":83086,"date":"2020-04-22T10:54:56","date_gmt":"2020-04-22T14:54:56","guid":{"rendered":"https:\/\/linitiative.ca\/International\/covid-19-distribution-de-masques-de-protection-aux-marins-pecheurs-du-port-de-dakhla\/"},"modified":"2020-04-22T10:54:56","modified_gmt":"2020-04-22T14:54:56","slug":"covid-19-distribution-de-masques-de-protection-aux-marins-pecheurs-du-port-de-dakhla","status":"publish","type":"post","link":"https:\/\/linitiative.ca\/International\/covid-19-distribution-de-masques-de-protection-aux-marins-pecheurs-du-port-de-dakhla\/","title":{"rendered":"Covid-19 : Distribution de masques de protection aux marins p\u00eacheurs du port de Dakhla"},"content":{"rendered":"<header>\n<\/header>\n<div class=\"entry-content clearfix\" readability=\"62\"><img decoding=\"async\" class=\"post_layout_5_img\" src=\"http:\/\/aujourdhui.ma\/wp-content\/uploads\/2020\/04\/Bavettes-masque-de-protection.jpg?x29840\" alt=\"Covid-19 : Distribution de masques de protection aux marins p&#xEA;cheurs du port de Dakhla\"\/><\/p>\n<p><span class=\"c4\"><strong>Des masques de protection ont \u00e9t\u00e9 distribu\u00e9s r\u00e9cemment aux marins p\u00eacheurs du port de Dakhla, pour les aider \u00e0 respecter les mesures pr\u00e9ventives d\u00e9cid\u00e9es par les autorit\u00e9s pour freiner la propagation du nouveau coronavirus (Covid-19).<\/strong><\/span><\/p>\n<p><span id=\"more-342453\"\/><br \/>Supervis\u00e9e par l\u2019Association de recherche et sauvetage des vies humaines en mer \u00e0 Dakhla, en coordination avec les autorit\u00e9s locales, cette initiative s\u2019inscrit dans le cadre de l\u2019accompagnement des efforts d\u00e9ploy\u00e9s \u00e0 l\u2019\u00e9chelle nationale comme au plan local, pour une meilleure mise en \u0153uvre des mesures de pr\u00e9caution visant \u00e0 endiguer cette pand\u00e9mie.<\/p>\n<p>L\u2019op\u00e9ration de distribution gratuite de masques aux gens de mer au port de Dakhla, initi\u00e9e en coordination \u00e9galement avec le Croissant rouge marocain section Dakhla, a \u00e9t\u00e9 l\u2019occasion pour sensibiliser les marins p\u00eacheurs \u00e0 l\u2019importance du port des masques de protection dans la lutte contre la propagation du virus. Des conseils pratiques leur ont \u00e9t\u00e9 prodigu\u00e9s \u00e0 cette occasion sur l\u2019utilisation correcte de ces masques.<\/p>\n<p>Les marins p\u00eacheurs ont \u00e9galement \u00e9t\u00e9 sensibilis\u00e9s sur cette pand\u00e9mie et sur la n\u00e9cessit\u00e9 de respecter les mesures pr\u00e9ventives prises pour la pr\u00e9servation de leur sant\u00e9 et de leur s\u00e9curit\u00e9, ainsi que sur l\u2019importance de respecter les normes d\u2019hygi\u00e8ne n\u00e9cessaires et d\u2019utiliser les moyens de st\u00e9rilisation avant d\u2019acc\u00e9der aux bateaux.<\/p>\n<p>Cette initiative a connu l\u2019adh\u00e9sion des marins p\u00eacheurs qui ont affirm\u00e9 leur engagement en faveur des efforts visant \u00e0 lutter contre la propagation de la pand\u00e9mie du nouveau coronavirus.<br \/>En parall\u00e8le, les b\u00e9n\u00e9voles de cette association ont men\u00e9 des op\u00e9rations de d\u00e9sinfection des v\u00e9hicules ayant acc\u00e8s au port et distribu\u00e9 des brochures sur les bonnes pratiques d\u2019hygi\u00e8ne \u00e0 adopter.<\/p>\n<\/div>\n<p>Auteur: ALM<br \/>\n<a href=\"http:\/\/aujourdhui.ma\/societe\/covid-19-distribution-de-masques-de-protection-aux-marins-pecheurs-du-port-de-dakhla\">Cliquez ici pour lire l&rsquo;article depuis sa source.<\/a><\/p>\n","protected":false},"excerpt":{"rendered":"<p>Des masques de protection ont \u00e9t\u00e9 distribu\u00e9s r\u00e9cemment aux marins p\u00eacheurs du port de Dakhla, pour les aider \u00e0 respecter les mesures pr\u00e9ventives d\u00e9cid\u00e9es par les autorit\u00e9s pour freiner la propagation du nouveau coronavirus (Covid-19). Supervis\u00e9e par l\u2019Association de recherche et sauvetage des vies humaines en mer \u00e0 Dakhla, en coordination avec les autorit\u00e9s locales, [&hellip;]<\/p>\n","protected":false},"author":1759,"featured_media":0,"comment_status":"closed","ping_status":"closed","sticky":false,"template":"","format":"standard","meta":{"fifu_image_url":"","fifu_image_alt":"","footnotes":""},"categories":[73,54],"tags":[],"class_list":["post-83086","post","type-post","status-publish","format-standard","hentry","category-actualite","category-maroc"],"_links":{"self":[{"href":"https:\/\/linitiative.ca\/International\/wp-json\/wp\/v2\/posts\/83086","targetHints":{"allow":["GET"]}}],"collection":[{"href":"https:\/\/linitiative.ca\/International\/wp-json\/wp\/v2\/posts"}],"about":[{"href":"https:\/\/linitiative.ca\/International\/wp-json\/wp\/v2\/types\/post"}],"author":[{"embeddable":true,"href":"https:\/\/linitiative.ca\/International\/wp-json\/wp\/v2\/users\/1759"}],"replies":[{"embeddable":true,"href":"https:\/\/linitiative.ca\/International\/wp-json\/wp\/v2\/comments?post=83086"}],"version-history":[{"count":0,"href":"https:\/\/linitiative.ca\/International\/wp-json\/wp\/v2\/posts\/83086\/revisions"}],"wp:attachment":[{"href":"https:\/\/linitiative.ca\/International\/wp-json\/wp\/v2\/media?parent=83086"}],"wp:term":[{"taxonomy":"category","embeddable":true,"href":"https:\/\/linitiative.ca\/International\/wp-json\/wp\/v2\/categories?post=83086"},{"taxonomy":"post_tag","embeddable":true,"href":"https:\/\/linitiative.ca\/International\/wp-json\/wp\/v2\/tags?post=83086"}],"curies":[{"name":"wp","href":"https:\/\/api.w.org\/{rel}","templated":true}]}}