{"id":83087,"date":"2020-04-22T11:01:21","date_gmt":"2020-04-22T15:01:21","guid":{"rendered":"https:\/\/linitiative.ca\/International\/port-de-boujdour-les-marins-pecheurs-sensibilises-au-covid-19\/"},"modified":"2020-04-22T11:01:21","modified_gmt":"2020-04-22T15:01:21","slug":"port-de-boujdour-les-marins-pecheurs-sensibilises-au-covid-19","status":"publish","type":"post","link":"https:\/\/linitiative.ca\/International\/port-de-boujdour-les-marins-pecheurs-sensibilises-au-covid-19\/","title":{"rendered":"Port de Boujdour : Les marins-p\u00eacheurs sensibilis\u00e9s au Covid-19"},"content":{"rendered":"<p><img decoding=\"async\" class=\"post_layout_5_img\" src=\"http:\/\/aujourdhui.ma\/wp-content\/uploads\/2020\/04\/port-peche-artisanale-boujdour.jpg?x29840\" alt=\"Port de Boujdour : Les marins-p&#xEA;cheurs sensibilis&#xE9;s au Covid-19\"\/><\/p>\n<p><span class=\"c5\"><strong><span class=\"c4\">Une vaste op\u00e9ration de d\u00e9sinfection et de st\u00e9rilisation a \u00e9galement \u00e9t\u00e9 men\u00e9e<\/span><\/strong><\/span><br \/><span id=\"more-342461\"\/><\/p>\n<p><span class=\"c6\">Cette initiative a connu l\u2019adh\u00e9sion de l\u2019ensemble des marins p\u00eacheurs et travailleurs du secteur, qui ont affirm\u00e9 leur engagement en faveur des efforts visant \u00e0 lutter contre la propagation de la pand\u00e9mie.<\/span><\/p>\n<p>Les marins-p\u00eacheurs de la province de Boujdour ont b\u00e9n\u00e9fici\u00e9 r\u00e9cemment d\u2019une vaste campagne de sensibilisation qui s\u2019inscrit dans le cadre de la mise en \u0153uvre des mesures pr\u00e9ventives pour la lutte contre le nouveau coronavirus.<\/p>\n<p>Organis\u00e9e par la D\u00e9l\u00e9gation de l\u2019Office national des p\u00eaches (ONP) en partenariat avec la Direction provinciale de la sant\u00e9 et les associations locales, cette op\u00e9ration a touch\u00e9 le port de Boujdour ainsi que plusieurs points de d\u00e9barquement et halles aux poissons.<br \/>\u00c0 cette occasion, les marins p\u00eacheurs ont \u00e9t\u00e9 sensibilis\u00e9s quant \u00e0 l\u2019importance du port des masques de protection dans la lutte contre la propagation du virus et ont re\u00e7u des explications sur leur mode d\u2019emploi.<\/p>\n<p>Les marins p\u00eacheurs ont \u00e9galement \u00e9t\u00e9 sensibilis\u00e9s \u00e0 cette pand\u00e9mie et sur la n\u00e9cessit\u00e9 de respecter les mesures pr\u00e9ventives prises pour la pr\u00e9servation de leur sant\u00e9 et de leur s\u00e9curit\u00e9, ainsi que sur l\u2019importance de respecter les normes d\u2019hygi\u00e8ne n\u00e9cessaires et d\u2019utiliser les moyens de st\u00e9rilisation avant d\u2019acc\u00e9der aux bateaux et barques.<br \/>Cette initiative a connu l\u2019adh\u00e9sion de l\u2019ensemble des marins p\u00eacheurs et travailleurs du secteur, qui ont affirm\u00e9 leur engagement en faveur des efforts visant \u00e0 lutter contre la propagation de la pand\u00e9mie.<\/p>\n<p>A cette occasion, les b\u00e9n\u00e9ficiaires de cette op\u00e9ration ont pris connaissance des modes de transmission du Covid-19, des sympt\u00f4mes li\u00e9s \u00e0 l\u2019infection par ce virus, avec un focus sur les consignes et mesures pr\u00e9ventives adopt\u00e9es par le minist\u00e8re de la sant\u00e9 en vue d\u2019\u00e9viter la contamination par cette \u00e9pid\u00e9mie et sa propagation, notamment la n\u00e9cessit\u00e9 de promouvoir les r\u00e8gles d\u2019hygi\u00e8ne et de propret\u00e9 et d\u2019\u00e9viter les espaces et endroits surpeupl\u00e9s.<\/p>\n<p>Cette op\u00e9ration s\u2019inscrit dans le cadre de la mise en \u0153uvre des instructions du minist\u00e8re de la sant\u00e9, le minist\u00e8re de l\u2019int\u00e9rieur et le d\u00e9partement des p\u00eaches maritimes, afin d\u2019assurer la continuit\u00e9 de la productivit\u00e9 dans le secteur de la p\u00eache, en tant qu\u2019un des secteurs productifs, ainsi que de prot\u00e9ger les ressources humaines de tous les risques li\u00e9s \u00e0 la propagation de ce virus au niveau du port et des villages de p\u00eache.<br \/>D\u2019ailleurs dans le cadre des mesures pr\u00e9ventives adopt\u00e9es pour lutter contre le coronavirus, le Bureau communal d\u2019hygi\u00e8ne (BCH) relevant du Conseil communal de Boujdour a, quant \u00e0 lui, men\u00e9 une vaste op\u00e9ration de d\u00e9sinfection et de st\u00e9rilisation du port, et de ses diff\u00e9rentes d\u00e9pendances, ainsi que des embarcations de p\u00eache.<\/p>\n<p>Notons que pour enrayer la propagation du coronavirus, plusieurs mesures ont \u00e9t\u00e9 d\u00e9cid\u00e9es, entre autres la r\u00e9duction de 50% du nombre de marins \u00e0 bord des embarcations de p\u00eache et ce, dans le but d\u2019\u00e9viter la promiscuit\u00e9, les rassemblements et les contacts entre p\u00eacheurs.<br \/>Pour rappel, les bateaux de p\u00eache ont repris progressivement leurs activit\u00e9s au niveau des provinces du Sud afin d\u2019assurer l\u2019approvisionnement exclusif du march\u00e9 national et des unit\u00e9s industrielles, en produits halieutiques dans ces circonstances exceptionnelles.<\/p>\n<p>Auteur: Mohamed Laabid<br \/>\n<a href=\"http:\/\/aujourdhui.ma\/economie\/port-de-boujdour-les-marins-pecheurs-sensibilises-au-covid-19\">Cliquez ici pour lire l&rsquo;article depuis sa source.<\/a><\/p>\n","protected":false},"excerpt":{"rendered":"<p>Une vaste op\u00e9ration de d\u00e9sinfection et de st\u00e9rilisation a \u00e9galement \u00e9t\u00e9 men\u00e9e Cette initiative a connu l\u2019adh\u00e9sion de l\u2019ensemble des marins p\u00eacheurs et travailleurs du secteur, qui ont affirm\u00e9 leur engagement en faveur des efforts visant \u00e0 lutter contre la propagation de la pand\u00e9mie. Les marins-p\u00eacheurs de la province de Boujdour ont b\u00e9n\u00e9fici\u00e9 r\u00e9cemment d\u2019une [&hellip;]<\/p>\n","protected":false},"author":1759,"featured_media":0,"comment_status":"closed","ping_status":"closed","sticky":false,"template":"","format":"standard","meta":{"fifu_image_url":"","fifu_image_alt":"","footnotes":""},"categories":[73,54],"tags":[],"class_list":["post-83087","post","type-post","status-publish","format-standard","hentry","category-actualite","category-maroc"],"_links":{"self":[{"href":"https:\/\/linitiative.ca\/International\/wp-json\/wp\/v2\/posts\/83087","targetHints":{"allow":["GET"]}}],"collection":[{"href":"https:\/\/linitiative.ca\/International\/wp-json\/wp\/v2\/posts"}],"about":[{"href":"https:\/\/linitiative.ca\/International\/wp-json\/wp\/v2\/types\/post"}],"author":[{"embeddable":true,"href":"https:\/\/linitiative.ca\/International\/wp-json\/wp\/v2\/users\/1759"}],"replies":[{"embeddable":true,"href":"https:\/\/linitiative.ca\/International\/wp-json\/wp\/v2\/comments?post=83087"}],"version-history":[{"count":0,"href":"https:\/\/linitiative.ca\/International\/wp-json\/wp\/v2\/posts\/83087\/revisions"}],"wp:attachment":[{"href":"https:\/\/linitiative.ca\/International\/wp-json\/wp\/v2\/media?parent=83087"}],"wp:term":[{"taxonomy":"category","embeddable":true,"href":"https:\/\/linitiative.ca\/International\/wp-json\/wp\/v2\/categories?post=83087"},{"taxonomy":"post_tag","embeddable":true,"href":"https:\/\/linitiative.ca\/International\/wp-json\/wp\/v2\/tags?post=83087"}],"curies":[{"name":"wp","href":"https:\/\/api.w.org\/{rel}","templated":true}]}}