{"id":83091,"date":"2020-04-22T10:19:28","date_gmt":"2020-04-22T14:19:28","guid":{"rendered":"https:\/\/linitiative.ca\/International\/innovation-une-societe-marocaine-se-reconvertit-dans-les-masques-reutilisables\/"},"modified":"2020-04-22T10:19:28","modified_gmt":"2020-04-22T14:19:28","slug":"innovation-une-societe-marocaine-se-reconvertit-dans-les-masques-reutilisables","status":"publish","type":"post","link":"https:\/\/linitiative.ca\/International\/innovation-une-societe-marocaine-se-reconvertit-dans-les-masques-reutilisables\/","title":{"rendered":"Innovation: Une soci\u00e9t\u00e9 marocaine se reconvertit dans les masques r\u00e9utilisables"},"content":{"rendered":"<div>\n<p style=\"color:#0608e5\" class=\"has-text-color\"><strong>La soci&eacute;t&eacute; marocaine &laquo;Mustang Workwear&raquo;, sp&eacute;cialis&eacute;e dans les v&ecirc;tements de protection, s&rsquo;est reconvertie dans la fabrication de masques en tissu r&eacute;utilisables, en vue de contribuer &agrave; satisfaire une demande grandissante en moyens de protection face &agrave; la propagation de la pand&eacute;mie du nouveau coronavirus (Covid-19).<\/strong><\/p>\n<p>L&rsquo;usine situ&eacute;e &agrave; Casablanca indique, dans un communiqu&eacute;,<br \/>\nqu&rsquo;elle a une capacit&eacute; de production quotidienne de 10.000 masques de ce type,<br \/>\ncertifi&eacute;s par l&rsquo;Institut marocain de normalisation (Imanor).<\/p>\n<p>Fabriqu&eacute; en serg&eacute; poly-coton &agrave; l&rsquo;ext&eacute;rieur et thermocoll&eacute; &agrave;<br \/>\nl&rsquo;int&eacute;rieure pour une meilleure protection, ce masque barri&egrave;re, qui a obtenu<br \/>\ndes performances de filtrations sup&eacute;rieures &agrave; 70%, peut &ecirc;tre lav&eacute; jusqu&rsquo;&agrave; 15<br \/>\nfois, ce qui repr&eacute;sente une solution pratique et &eacute;conomique pour les utilisateurs,<br \/>\npr&eacute;cise le communiqu&eacute;.<\/p>\n<p>Ce masque est destin&eacute;, en premier lieu, &agrave; l&rsquo;ensemble des entreprises qui emploient un grand nombre de collaborateurs et qui cherchent &agrave; prot&eacute;ger leurs employ&eacute;s, a fait savoir Mustang Workwear, qui a affirm&eacute; &ecirc;tre &laquo;l&rsquo;une des premi&egrave;res soci&eacute;t&eacute;s marocaines certifi&eacute;es par Imanor selon la norme NM\/ST 21.5.201-2020&raquo;.<\/p>\n<p>Face &agrave; la crise sanitaire caus&eacute;e par le Covid-19, &laquo;nous<br \/>\navons d&eacute;cid&eacute; de nous joindre &agrave; l&rsquo;effort national et apporter notre expertise en<br \/>\ntant que sp&eacute;cialiste de la protection dans le milieu de travail&raquo;, &agrave; travers la<br \/>\nconfection d&rsquo;un &laquo;masque en tissu r&eacute;utilisable &agrave; usage non sanitaire&raquo;, a affirm&eacute;<br \/>\nSiegfried Rouan, directeur g&eacute;n&eacute;ral de Mustang Workwear, cit&eacute; par le communiqu&eacute;.<\/p>\n<p>&laquo;Nous avons la capacit&eacute; de produire jusqu&rsquo;&agrave; 10.000 masques<br \/>\npar jour&raquo;, a-t-il assur&eacute;, soulignant que Mustang Workwear a privil&eacute;gi&eacute; la<br \/>\nprotection en associant une mati&egrave;re non tiss&eacute;e avec une mati&egrave;re tiss&eacute;e, ce qui<br \/>\npermet une meilleure filtration par rapport &agrave; des produits mono mati&egrave;re.<\/p>\n<p>Le masque en tissu r&eacute;utilisable n&rsquo;a pas vocation de<br \/>\nremplacer les masques chirurgicaux ou les masques de protection jetables<br \/>\nr&eacute;serv&eacute;s aux professionnels de la sant&eacute;. Il est destin&eacute; &agrave; l&rsquo;usage d&rsquo;individus<br \/>\nayant des contacts avec d&rsquo;autres personnes, dans le cadre professionnel ou<br \/>\npersonnel.<\/p>\n<p>&laquo;Le masque que nous fabriquons repr&eacute;sente une protection compl&eacute;mentaire aux gestes barri&egrave;re d&eacute;j&agrave; pr&eacute;conis&eacute;s par les autorit&eacute;s sanitaires et aux mesures li&eacute;es au confinement&raquo;, a fait remarquer M. Rouan.<\/p>\n<p>L&rsquo;article <a rel=\"nofollow\" href=\"http:\/\/albayane.press.ma\/innovation-une-societe-marocaine-se-reconvertit-dans-les-masques-reutilisables.html\">Innovation: Une soci&eacute;t&eacute; marocaine se reconvertit dans les masques r&eacute;utilisables<\/a> est apparu en premier sur <a rel=\"nofollow\" href=\"http:\/\/albayane.press.ma\/\">ALBAYANE<\/a>.<\/p>\n<\/div>\n<p>Auteur: M&rsquo;hammed rahal<br \/>\n<a href=\"http:\/\/albayane.press.ma\/innovation-une-societe-marocaine-se-reconvertit-dans-les-masques-reutilisables.html\">Cliquez ici pour lire l&rsquo;article depuis sa source.<\/a><\/p>\n","protected":false},"excerpt":{"rendered":"<p>La soci&eacute;t&eacute; marocaine &laquo;Mustang Workwear&raquo;, sp&eacute;cialis&eacute;e dans les v&ecirc;tements de protection, s&rsquo;est reconvertie dans la fabrication de masques en tissu r&eacute;utilisables, en vue de contribuer &agrave; satisfaire une demande grandissante en moyens de protection face &agrave; la propagation de la pand&eacute;mie du nouveau coronavirus (Covid-19). L&rsquo;usine situ&eacute;e &agrave; Casablanca indique, dans un communiqu&eacute;, qu&rsquo;elle a [&hellip;]<\/p>\n","protected":false},"author":1760,"featured_media":0,"comment_status":"closed","ping_status":"closed","sticky":false,"template":"","format":"standard","meta":{"fifu_image_url":"","fifu_image_alt":"","footnotes":""},"categories":[73,54],"tags":[],"class_list":["post-83091","post","type-post","status-publish","format-standard","hentry","category-actualite","category-maroc"],"_links":{"self":[{"href":"https:\/\/linitiative.ca\/International\/wp-json\/wp\/v2\/posts\/83091","targetHints":{"allow":["GET"]}}],"collection":[{"href":"https:\/\/linitiative.ca\/International\/wp-json\/wp\/v2\/posts"}],"about":[{"href":"https:\/\/linitiative.ca\/International\/wp-json\/wp\/v2\/types\/post"}],"author":[{"embeddable":true,"href":"https:\/\/linitiative.ca\/International\/wp-json\/wp\/v2\/users\/1760"}],"replies":[{"embeddable":true,"href":"https:\/\/linitiative.ca\/International\/wp-json\/wp\/v2\/comments?post=83091"}],"version-history":[{"count":0,"href":"https:\/\/linitiative.ca\/International\/wp-json\/wp\/v2\/posts\/83091\/revisions"}],"wp:attachment":[{"href":"https:\/\/linitiative.ca\/International\/wp-json\/wp\/v2\/media?parent=83091"}],"wp:term":[{"taxonomy":"category","embeddable":true,"href":"https:\/\/linitiative.ca\/International\/wp-json\/wp\/v2\/categories?post=83091"},{"taxonomy":"post_tag","embeddable":true,"href":"https:\/\/linitiative.ca\/International\/wp-json\/wp\/v2\/tags?post=83091"}],"curies":[{"name":"wp","href":"https:\/\/api.w.org\/{rel}","templated":true}]}}