{"id":83093,"date":"2020-04-22T06:22:22","date_gmt":"2020-04-22T10:22:22","guid":{"rendered":"https:\/\/linitiative.ca\/International\/la-reprise-sera-lente-dans-laerien-previent-liata\/"},"modified":"2020-04-22T06:22:22","modified_gmt":"2020-04-22T10:22:22","slug":"la-reprise-sera-lente-dans-laerien-previent-liata","status":"publish","type":"post","link":"https:\/\/linitiative.ca\/International\/la-reprise-sera-lente-dans-laerien-previent-liata\/","title":{"rendered":"La reprise sera lente dans l\u2019a\u00e9rien, pr\u00e9vient l\u2019Iata"},"content":{"rendered":"<div class=\"date text-center\">\n<div class=\"c-news-detail c-news-detail__content\">\n<p>PARIS (Reuters) \u2013 Le trafic des vols int\u00e9rieurs a diminu\u00e9 de 70% en raison de la crise du coronavirus et la reprise qui s\u2019amorcera au cours des prochains mois sera sans doute lente, a pr\u00e9venu mardi l\u2019Association internationale du transport a\u00e9rien (Iata).<\/p>\n<p>Si l\u2019activit\u00e9 des court-courriers devrait red\u00e9marrer plus t\u00f4t que celles des long-courriers, il est probable que le contexte de morosit\u00e9 affecte l\u2019engouement des voyageurs, a not\u00e9 Brian Pearce, chef-\u00e9conomiste de l\u2019Iata, lors d\u2019une t\u00e9l\u00e9conf\u00e9rence.<\/p>\n<p>\u00ab L\u2019environnement \u00e9conomique auquel nous nous attendons pour les six prochains mois n\u2019est vraiment pas de nature \u00e0 encourager les consommateurs \u00e0 reprendre l\u2019avion, essentiellement pour des raisons financi\u00e8res \u00bb, a-t-il dit.<\/p>\n<p>\u00ab C\u2019est la raison pour laquelle nous nous attendons \u00e0 une reprise relativement modeste au troisi\u00e8me trimestre. \u00bb<\/p>\n<p>(Laurence Frost et Conor Humphries; version fran\u00e7aise Nicolas Delame, \u00e9dit\u00e9 par Jean-St\u00e9phane Brosse)<\/p>\n<\/div>\n<\/div>\n<div class=\"wp-post-author-wrap wp-post-author-shortcode left\">\n<h3 class=\"awpa-title\"\/>\n<div class=\"wp-post-author\">\n<div class=\"awpa-img awpa-author-block square\"><a href=\"http:\/\/lexpertjournal.net\/fr\/?author=5\"><img loading=\"lazy\" decoding=\"async\" alt=\"\" src=\"http:\/\/0.gravatar.com\/avatar\/97f8e10a1c1125ba104a76514ee07b16?s=150&amp;d=mm&amp;r=g\" srcset=\"http:\/\/0.gravatar.com\/avatar\/97f8e10a1c1125ba104a76514ee07b16?s=300&amp;d=mm&amp;r=g 2x\" class=\"avatar avatar-150 photo\" height=\"150\" width=\"150\"\/><\/a><\/div>\n<\/div>\n<\/div>\n<aside class=\"mashsb-container mashsb-main mashsb-stretched\">\n<\/aside>\n<p>Auteur: L&rsquo;expert<br \/>\n<a href=\"http:\/\/lexpertjournal.net\/fr\/?p=14184\">Cliquez ici pour lire l&rsquo;article depuis sa source.<\/a><\/p>\n","protected":false},"excerpt":{"rendered":"<p>PARIS (Reuters) \u2013 Le trafic des vols int\u00e9rieurs a diminu\u00e9 de 70% en raison de la crise du coronavirus et la reprise qui s\u2019amorcera au cours des prochains mois sera sans doute lente, a pr\u00e9venu mardi l\u2019Association internationale du transport a\u00e9rien (Iata). Si l\u2019activit\u00e9 des court-courriers devrait red\u00e9marrer plus t\u00f4t que celles des long-courriers, il [&hellip;]<\/p>\n","protected":false},"author":1775,"featured_media":0,"comment_status":"closed","ping_status":"closed","sticky":false,"template":"","format":"standard","meta":{"fifu_image_url":"","fifu_image_alt":"","footnotes":""},"categories":[78,55],"tags":[],"class_list":["post-83093","post","type-post","status-publish","format-standard","hentry","category-economie","category-tunisie"],"_links":{"self":[{"href":"https:\/\/linitiative.ca\/International\/wp-json\/wp\/v2\/posts\/83093","targetHints":{"allow":["GET"]}}],"collection":[{"href":"https:\/\/linitiative.ca\/International\/wp-json\/wp\/v2\/posts"}],"about":[{"href":"https:\/\/linitiative.ca\/International\/wp-json\/wp\/v2\/types\/post"}],"author":[{"embeddable":true,"href":"https:\/\/linitiative.ca\/International\/wp-json\/wp\/v2\/users\/1775"}],"replies":[{"embeddable":true,"href":"https:\/\/linitiative.ca\/International\/wp-json\/wp\/v2\/comments?post=83093"}],"version-history":[{"count":0,"href":"https:\/\/linitiative.ca\/International\/wp-json\/wp\/v2\/posts\/83093\/revisions"}],"wp:attachment":[{"href":"https:\/\/linitiative.ca\/International\/wp-json\/wp\/v2\/media?parent=83093"}],"wp:term":[{"taxonomy":"category","embeddable":true,"href":"https:\/\/linitiative.ca\/International\/wp-json\/wp\/v2\/categories?post=83093"},{"taxonomy":"post_tag","embeddable":true,"href":"https:\/\/linitiative.ca\/International\/wp-json\/wp\/v2\/tags?post=83093"}],"curies":[{"name":"wp","href":"https:\/\/api.w.org\/{rel}","templated":true}]}}