{"id":83094,"date":"2020-04-22T06:53:55","date_gmt":"2020-04-22T10:53:55","guid":{"rendered":"https:\/\/linitiative.ca\/International\/journee-mondiale-de-la-terre-2020-la-pandemie-de-covid-19-ne-detourne-pas-la-banque-africaine-de-developpement-de-la-lutte-contre-le-changement-climatique\/"},"modified":"2020-04-22T06:53:55","modified_gmt":"2020-04-22T10:53:55","slug":"journee-mondiale-de-la-terre-2020-la-pandemie-de-covid-19-ne-detourne-pas-la-banque-africaine-de-developpement-de-la-lutte-contre-le-changement-climatique","status":"publish","type":"post","link":"https:\/\/linitiative.ca\/International\/journee-mondiale-de-la-terre-2020-la-pandemie-de-covid-19-ne-detourne-pas-la-banque-africaine-de-developpement-de-la-lutte-contre-le-changement-climatique\/","title":{"rendered":"Journ\u00e9e Mondiale de la Terre 2020 : la pand\u00e9mie de Covid-19 ne d\u00e9tourne pas la Banque africaine de d\u00e9veloppement de la lutte contre le changement climatique"},"content":{"rendered":"<table class=\"c2\">\n<tbody>\n<tr>\n<td><strong><em>Partenaire majeur pour le d\u00e9veloppement du continent, la Banque est plus que jamais d\u00e9termin\u00e9e \u00e0 poursuivre la lutte contre les effets du changement climatique en Afrique<\/em><\/strong><\/td>\n<\/tr>\n<tr>\n<td>ABIDJAN, C\u00f4te d\u2019Ivoire, 22 avril 2020\/ \u2014 La Journ\u00e9e mondiale de la terre 2020 se d\u00e9roule ce 22 avril dans un contexte particulier\u00a0: \u00e0 la crise sanitaire du coronavirus s\u2019est ajout\u00e9e l\u2019invasion des criquets p\u00e8lerins en Afrique de l\u2019Est. Plac\u00e9e sous le th\u00e8me \u00ab\u00a0Action pour le climat\u00a0\u00bb, cette Journ\u00e9e est marqu\u00e9e par le d\u00e9fi pour la Terre 2020 et la mobilisation \u00e9lectorale mondiale par le biais de la campagne \u00ab\u00a0Voter pour la Terre\u00a0\u00bb. La Banque africaine de d\u00e9veloppement (<a href=\"http:\/\/www.afdb.org\/\" data-saferedirecturl=\"https:\/\/www.google.com\/url?q=http:\/\/www.AfDB.org&amp;source=gmail&amp;ust=1587639136189000&amp;usg=AFQjCNE00X8Gd10PN8Vo4B7547rfi6movA\">www.AfDB.org<\/a>) se joint \u00e0 la communaut\u00e9 internationale pour c\u00e9l\u00e9brer, cette ann\u00e9e, les 50 ans de cet \u00e9v\u00e8nement.<\/p>\n<p>Partenaire majeur pour le d\u00e9veloppement du continent, la Banque est plus que jamais d\u00e9termin\u00e9e \u00e0 poursuivre la lutte contre les effets du changement climatique en Afrique. Chaque ann\u00e9e, elle maintient le cap d\u2019aider les pays africains \u00e0 acc\u00e9l\u00e9rer leur d\u00e9veloppement vert, \u00e0 travers la mise en \u0153uvre de son deuxi\u00e8me plan d\u2019action contre les changements climatiques (PACC 2, 2016-2020).<\/p>\n<p>Le PACC 2 repose sur quatre piliers tir\u00e9s de l\u2019Accord de Paris sign\u00e9 \u00e0 la Conf\u00e9rence sur le climat de 2015\u00a0: stimuler l\u2019adaptation et le d\u00e9veloppement r\u00e9silient au climat en Afrique\u00a0; promouvoir l\u2019att\u00e9nuation des risques et le d\u00e9veloppement \u00e0 faible teneur en carbone sur le continent\u00a0; mobiliser des ressources financi\u00e8res pour financer l\u2019action sur le climat et le PACC\u00a02\u00a0; promouvoir un environnement favorable. Tous int\u00e8grent l\u2019\u00e9galit\u00e9 des sexes et les pr\u00e9occupations des femmes.<\/p>\n<p>\u00ab\u00a0Tout en d\u00e9ployant d\u2019\u00e9normes ressources et un soutien mondial pour faire face aux efforts de sauvetage imm\u00e9diats de la pand\u00e9mie de Covid-19, nous ne devons pas d\u00e9tourner le regard de la n\u00e9cessit\u00e9 de faire face simultan\u00e9ment aux menaces climatiques (\u2026). Les criquets p\u00e8lerins en Afrique de l\u2019Est et les ouragans imminents\u00a0font aussi partie des d\u00e9fis actuels \u00e0 relever\u00a0\u00bb, d\u00e9clare Anthony Nyong, directeur du D\u00e9partement changement climatique et croissance verte \u00e0 la Banque.<\/p>\n<p>\u00ab\u00a0La Banque m\u00e8ne une action majeure pour renforcer la r\u00e9silience au changement climatique en Afrique. La Banque a d\u00e9montr\u00e9 que l\u2019investissement dans le renforcement de la r\u00e9silience g\u00e9n\u00e8re des rendements nettement sup\u00e9rieurs, poursuit Anthony Nyong. Dans son engagement \u00e0 faire passer l\u2019Afrique \u00e0 une croissante verte, la Banque prend des mesures audacieuses et fait des investissements importants dans tous les principaux secteurs de d\u00e9veloppement. L\u2019\u00e9volution vers une voie de d\u00e9veloppement plus verte et plus durable constitue un tremplin pour la transformation \u00e9conomique de l\u2019Afrique.\u00a0\u00bb<\/p>\n<p>Alors que le Covid-19 met en danger la vie de nombreuses personnes, les moyens de subsistance et les syst\u00e8mes de sant\u00e9 \u00e0 travers l\u2019Afrique, la Banque a commenc\u00e9 \u00e0 mobiliser des ressources financi\u00e8res pour aider les pays du continent \u00e0 lutter contre la pand\u00e9mie. D\u00e9but avril, elle a approuv\u00e9 un don de deux millions de dollars am\u00e9ricains de l\u2019OMS pour l\u2019Afrique afin de renforcer les capacit\u00e9s de 41 pays africains en mati\u00e8re de pr\u00e9vention des infections, de d\u00e9pistage et de gestions des cas.<\/p>\n<p>Au moment de c\u00e9l\u00e9brer la Journ\u00e9e mondiale de la terre 2020, la Banque africaine de d\u00e9veloppement r\u00e9affirme sa pr\u00e9occupation \u00e0 l\u2019\u00e9gard du changement climatique et du r\u00e9chauffement de la plan\u00e8te, qui sont des tendances inqui\u00e9tantes pour l\u2019Afrique. Le d\u00e9fi pour la Banque est de mettre en \u0153uvre des solutions et des initiatives innovantes qui concourent \u00e0 r\u00e9duire les \u00e9missions de gaz \u00e0 effet de serre et \u00e0 acc\u00e9l\u00e9rer le d\u00e9veloppement durable sur tout le continent.<\/p>\n<p><em>Distribu\u00e9 par APO Group pour African Development Bank Group (AfDB).<\/em><\/p>\n<p class=\"c1\"><strong>SOURCE<\/strong><br \/>African Development Bank Group (AfDB)<\/p>\n<\/td>\n<\/tr>\n<\/tbody>\n<\/table>\n<div class=\"wp-post-author-wrap wp-post-author-shortcode left\">\n<h3 class=\"awpa-title\"\/>\n<div class=\"wp-post-author\">\n<div class=\"awpa-img awpa-author-block square\"><a href=\"http:\/\/lexpertjournal.net\/fr\/?author=5\"><img loading=\"lazy\" decoding=\"async\" alt=\"\" src=\"http:\/\/0.gravatar.com\/avatar\/97f8e10a1c1125ba104a76514ee07b16?s=150&amp;d=mm&amp;r=g\" srcset=\"http:\/\/0.gravatar.com\/avatar\/97f8e10a1c1125ba104a76514ee07b16?s=300&amp;d=mm&amp;r=g 2x\" class=\"avatar avatar-150 photo\" height=\"150\" width=\"150\"\/><\/a><\/div>\n<\/div>\n<\/div>\n<aside class=\"mashsb-container mashsb-main mashsb-stretched\">\n<\/aside>\n<p>Auteur: L&rsquo;expert<br \/>\n<a href=\"http:\/\/lexpertjournal.net\/fr\/?p=14187\">Cliquez ici pour lire l&rsquo;article depuis sa source.<\/a><\/p>\n","protected":false},"excerpt":{"rendered":"<p>Partenaire majeur pour le d\u00e9veloppement du continent, la Banque est plus que jamais d\u00e9termin\u00e9e \u00e0 poursuivre la lutte contre les effets du changement climatique en Afrique ABIDJAN, C\u00f4te d\u2019Ivoire, 22 avril 2020\/ \u2014 La Journ\u00e9e mondiale de la terre 2020 se d\u00e9roule ce 22 avril dans un contexte particulier\u00a0: \u00e0 la crise sanitaire du coronavirus [&hellip;]<\/p>\n","protected":false},"author":1775,"featured_media":0,"comment_status":"closed","ping_status":"closed","sticky":false,"template":"","format":"standard","meta":{"fifu_image_url":"","fifu_image_alt":"","footnotes":""},"categories":[78,55],"tags":[],"class_list":["post-83094","post","type-post","status-publish","format-standard","hentry","category-economie","category-tunisie"],"_links":{"self":[{"href":"https:\/\/linitiative.ca\/International\/wp-json\/wp\/v2\/posts\/83094","targetHints":{"allow":["GET"]}}],"collection":[{"href":"https:\/\/linitiative.ca\/International\/wp-json\/wp\/v2\/posts"}],"about":[{"href":"https:\/\/linitiative.ca\/International\/wp-json\/wp\/v2\/types\/post"}],"author":[{"embeddable":true,"href":"https:\/\/linitiative.ca\/International\/wp-json\/wp\/v2\/users\/1775"}],"replies":[{"embeddable":true,"href":"https:\/\/linitiative.ca\/International\/wp-json\/wp\/v2\/comments?post=83094"}],"version-history":[{"count":0,"href":"https:\/\/linitiative.ca\/International\/wp-json\/wp\/v2\/posts\/83094\/revisions"}],"wp:attachment":[{"href":"https:\/\/linitiative.ca\/International\/wp-json\/wp\/v2\/media?parent=83094"}],"wp:term":[{"taxonomy":"category","embeddable":true,"href":"https:\/\/linitiative.ca\/International\/wp-json\/wp\/v2\/categories?post=83094"},{"taxonomy":"post_tag","embeddable":true,"href":"https:\/\/linitiative.ca\/International\/wp-json\/wp\/v2\/tags?post=83094"}],"curies":[{"name":"wp","href":"https:\/\/api.w.org\/{rel}","templated":true}]}}