{"id":83097,"date":"2020-04-22T12:25:41","date_gmt":"2020-04-22T16:25:41","guid":{"rendered":"https:\/\/linitiative.ca\/International\/le-ministere-des-mines-et-des-hydrocarbures-de-la-guinee-equatoriale-organisera-un-webinaire-sur-letat-actuel-de-lindustrie-petroliere-et-comment-sortir-de-la-crise\/"},"modified":"2020-04-22T12:25:41","modified_gmt":"2020-04-22T16:25:41","slug":"le-ministere-des-mines-et-des-hydrocarbures-de-la-guinee-equatoriale-organisera-un-webinaire-sur-letat-actuel-de-lindustrie-petroliere-et-comment-sortir-de-la-crise","status":"publish","type":"post","link":"https:\/\/linitiative.ca\/International\/le-ministere-des-mines-et-des-hydrocarbures-de-la-guinee-equatoriale-organisera-un-webinaire-sur-letat-actuel-de-lindustrie-petroliere-et-comment-sortir-de-la-crise\/","title":{"rendered":"Le minist\u00e8re des Mines et des Hydrocarbures de la Guin\u00e9e \u00e9quatoriale organisera un webinaire sur l\u2019\u00e9tat actuel de l\u2019industrie p\u00e9troli\u00e8re et comment sortir de la crise"},"content":{"rendered":"<table class=\"c2\">\n<tbody>\n<tr>\n<td><strong><em>Le webinaire sera mod\u00e9r\u00e9 par Concepcion Esuba, fondatrice d\u2019Evicon et Caty Hirst, directrice de la programmation chez Africa Oil &amp; Power<\/em><\/strong><\/td>\n<\/tr>\n<tr>\n<td>MALABO, Guin\u00e9e Equatoriale, 22 avril 2020\/ \u2014 Le minist\u00e8re des Mines et des Hydrocarbures et la Chambre africaine de l\u2019\u00e9nergie (<a href=\"http:\/\/www.energychamber.org\/\" data-saferedirecturl=\"https:\/\/www.google.com\/url?q=http:\/\/www.EnergyChamber.org&amp;source=gmail&amp;ust=1587658849371000&amp;usg=AFQjCNGb3I_zatLdD-UTkcBKKDIkk9RA-g\">www.EnergyChamber.org<\/a>) organiseront un webinaire libre d\u2019acc\u00e8s sur l\u2019\u00e9tat actuel des march\u00e9s mondiaux du p\u00e9trole\u00a0; S.E. Gabriel Mbaga Obiang Lima, ministre des Mines et des Hydrocarbures de Guin\u00e9e \u00e9quatoriale animera la conversation sur le th\u00e8me \u00ab L\u2019\u00e9tat des march\u00e9s p\u00e9troliers et du rebond mondial \u00bb\u00a0; Le webinaire sera mod\u00e9r\u00e9 par Concepcion Esuba, fondatrice d\u2019Evicon et Caty Hirst, directrice de la programmation chez Africa Oil &amp; Power.<\/p>\n<p>S.E. Gabriel Mbaga Obiang Lima, ministre des Mines et des Hydrocarbures de Guin\u00e9e \u00e9quatoriale, aux c\u00f4t\u00e9s de la Chambre africaine de l\u2019\u00e9nergie, animera un webinaire le 27 avril 2020 \u00e0 15h00 (16h00 SAST) pour examiner l\u2019\u00e9tat actuel de l\u2019industrie p\u00e9troli\u00e8re mondiale.<\/p>\n<p>Organis\u00e9 sous le th\u00e8me \u00ab L\u2019\u00e9tat des march\u00e9s p\u00e9troliers et du rebond mondial \u00bb, le webinaire ouvert au public discutera des d\u00e9fis actuels de l\u2019industrie p\u00e9troli\u00e8re mondiale et de ce qu\u2019il faudra pour que le march\u00e9 rebondisse d\u2019une mani\u00e8re qui ne conduira pas \u00e0 la perte d\u2019entreprises et aux opportunit\u00e9s de croissance pour les producteurs de p\u00e9trole africains \u00e9mergents.<\/p>\n<p>\u00ab Les d\u00e9fis auxquels nous sommes confront\u00e9s aujourd\u2019hui rappellent ceux rencontr\u00e9s lors du krach des prix de 2014 et, c\u2019est \u00e0 cause de ce qui s\u2019est pass\u00e9 alors et de la fa\u00e7on dont le march\u00e9 mondial a pu rebondir que je pense que nous sommes mieux \u00e9quip\u00e9s pour relever ce d\u00e9fi actuel du march\u00e9 et la pand\u00e9mie COVID-19\u00a0\u00bb, a d\u00e9clar\u00e9 S.E. Gabriel Mbaga Obiang Lima. \u00ab Nous en sortirons plus forts et plus efficaces, les investisseurs poursuivant leurs engagements. Nous devons simplement nous adapter \u00e0 l\u2019environnement actuel et \u00eatre avant-gardistes dans notre processus d\u00e9cisionnel \u00bb, a ajout\u00e9 le ministre Gabriel Mbaga Obiang Lima.<\/p>\n<p>La Guin\u00e9e \u00e9quatoriale a men\u00e9 la charge de nombreuses mani\u00e8res pour le d\u00e9veloppement du p\u00e9trole et du gaz en Afrique, et continue de tirer parti de son appartenance \u00e0 l\u2019Opep pour encourager les producteurs de p\u00e9trole africains \u00e0 se rassembler \u2013 un message qui a retenti haut et fort lors de la participation du ministre Obiang Lima au forum organis\u00e9 conjointement par EG Open for Business, iCubefarm, NASCO et d\u2019autres organisations p\u00e9troli\u00e8res et gazi\u00e8res en Guin\u00e9e \u00e9quatoriale la semaine derni\u00e8re.<\/p>\n<p>Bien que la Guin\u00e9e \u00e9quatoriale soit fortement d\u00e9pendante du p\u00e9trole et soit parmi les plus durement touch\u00e9es par la baisse des prix, le minist\u00e8re des Mines et des Hydrocarbures reste optimiste.<\/p>\n<p>\u00ab Il est tr\u00e8s important que la Guin\u00e9e \u00e9quatoriale prenne l\u2019initiative dans la conduite de cette conversation, en particulier pour l\u2019Afrique \u00bb, a d\u00e9clar\u00e9 Leoncio Amada Nze Nlang, pr\u00e9sident de la r\u00e9gion CEMAC \u00e0 la Chambre africaine de l\u2019\u00e9nergie. \u00ab La Guin\u00e9e \u00e9quatoriale est l\u2019un des pays producteurs de p\u00e9trole les plus \u00e9tablis que le continent puisse offrir, et sa croissance est celle qui a fait des vagues \u00e0 l\u2019\u00e9chelle mondiale. Le pays est bien plac\u00e9 pour fournir un sentiment de confiance et de r\u00e9confort aux producteurs \u00e9mergents dont les projets qui subissent des retardements actuellement comptent parmi les plus importants du secteur. \u00bb<\/p>\n<p>\u00c0 ce jour, l\u2019Afrique a vu un certain nombre de projets p\u00e9troliers et gaziers connaissant des retards de financement, des suspensions de forage et des r\u00e9siliations de contrats, des reports et, dans le cas notable du S\u00e9n\u00e9gal, un avis de force majeure sur le projet de GNL de Grand Tortue\/Ahmeyim.<\/p>\n<p>Le webinaire sur l\u2019\u00e9tat des march\u00e9s p\u00e9troliers et du rebond mondial sera anim\u00e9 par Concepcion Esuba, fondatrice d\u2019Evicon et Caty Hirst, directrice de la programmation d\u2019Africa Oil &amp; Power.<\/p>\n<p>Pour assister au webinaire, veuillez envoyer un courriel \u00e0 Mandisa Nduli, directrice de la communication et du marketing \u00e0\u00a0<a href=\"mailto:mandisa@energychamber.org\">mandisa@energychamber.org<\/a><\/p>\n<p>Date : 27 avril 2020<br \/>Heure : 15:00 PM (ou 16:00 SAST)<\/p>\n<p><em>Distribu\u00e9 par APO Group pour African Energy Chamber.<\/em><\/p>\n<p><a href=\"https:\/\/africa-newsroom.com\/press\/media\/equatorial-guineas-ministry-of-mines-and-hydrocarbons-will-host-a-webinar-on-the-current-state-of-the-oil-industry-and-how-we-can-recover?lang=fr\" data-saferedirecturl=\"https:\/\/www.google.com\/url?q=https:\/\/africa-newsroom.com\/press\/media\/equatorial-guineas-ministry-of-mines-and-hydrocarbons-will-host-a-webinar-on-the-current-state-of-the-oil-industry-and-how-we-can-recover?lang%3Dfr&amp;source=gmail&amp;ust=1587658849371000&amp;usg=AFQjCNGT4IzukQMSclNuC4zsy6986MNCHQ\">Voir le contenu multim\u00e9dia<\/a><\/p>\n<p><strong>\u00c0 propos de la Chambre africaine de l\u2019\u00e9nergie\u00a0:<\/strong><br \/>La Chambre africaine de l\u2019\u00e9nergie (<a href=\"http:\/\/www.energychamber.org\/\" data-saferedirecturl=\"https:\/\/www.google.com\/url?q=http:\/\/www.EnergyChamber.org&amp;source=gmail&amp;ust=1587658849371000&amp;usg=AFQjCNGb3I_zatLdD-UTkcBKKDIkk9RA-g\">www.EnergyChamber.org<\/a>) promeut activement les int\u00e9r\u00eats du continent africain, de ses entreprises et de ses citoyens. Les partenaires de la Chambre africaine de l\u2019\u00e9nergie ont le pouvoir de fa\u00e7onner l\u2019avenir \u00e9nerg\u00e9tique de l\u2019Afrique en favorisant la croissance et la collaboration, en \u00e9laborant des politiques sectorielles et en assurant un leadership et des orientations dans le secteur \u00e9nerg\u00e9tique africain.<\/p>\n<p class=\"c1\"><strong>SOURCE<\/strong><br \/>African Energy Chamber<\/p>\n<\/td>\n<\/tr>\n<\/tbody>\n<\/table>\n<div class=\"wp-post-author-wrap wp-post-author-shortcode left\">\n<h3 class=\"awpa-title\"\/>\n<div class=\"wp-post-author\">\n<div class=\"awpa-img awpa-author-block square\"><a href=\"http:\/\/lexpertjournal.net\/fr\/?author=5\"><img loading=\"lazy\" decoding=\"async\" alt=\"\" src=\"http:\/\/0.gravatar.com\/avatar\/97f8e10a1c1125ba104a76514ee07b16?s=150&amp;d=mm&amp;r=g\" srcset=\"http:\/\/0.gravatar.com\/avatar\/97f8e10a1c1125ba104a76514ee07b16?s=300&amp;d=mm&amp;r=g 2x\" class=\"avatar avatar-150 photo\" height=\"150\" width=\"150\"\/><\/a><\/div>\n<\/div>\n<\/div>\n<aside class=\"mashsb-container mashsb-main mashsb-stretched\">\n<\/aside>\n<p>Auteur: L&rsquo;expert<br \/>\n<a href=\"http:\/\/lexpertjournal.net\/fr\/?p=14194\">Cliquez ici pour lire l&rsquo;article depuis sa source.<\/a><\/p>\n","protected":false},"excerpt":{"rendered":"<p>Le webinaire sera mod\u00e9r\u00e9 par Concepcion Esuba, fondatrice d\u2019Evicon et Caty Hirst, directrice de la programmation chez Africa Oil &amp; Power MALABO, Guin\u00e9e Equatoriale, 22 avril 2020\/ \u2014 Le minist\u00e8re des Mines et des Hydrocarbures et la Chambre africaine de l\u2019\u00e9nergie (www.EnergyChamber.org) organiseront un webinaire libre d\u2019acc\u00e8s sur l\u2019\u00e9tat actuel des march\u00e9s mondiaux du p\u00e9trole\u00a0; [&hellip;]<\/p>\n","protected":false},"author":1775,"featured_media":0,"comment_status":"closed","ping_status":"closed","sticky":false,"template":"","format":"standard","meta":{"fifu_image_url":"","fifu_image_alt":"","footnotes":""},"categories":[78,55],"tags":[],"class_list":["post-83097","post","type-post","status-publish","format-standard","hentry","category-economie","category-tunisie"],"_links":{"self":[{"href":"https:\/\/linitiative.ca\/International\/wp-json\/wp\/v2\/posts\/83097","targetHints":{"allow":["GET"]}}],"collection":[{"href":"https:\/\/linitiative.ca\/International\/wp-json\/wp\/v2\/posts"}],"about":[{"href":"https:\/\/linitiative.ca\/International\/wp-json\/wp\/v2\/types\/post"}],"author":[{"embeddable":true,"href":"https:\/\/linitiative.ca\/International\/wp-json\/wp\/v2\/users\/1775"}],"replies":[{"embeddable":true,"href":"https:\/\/linitiative.ca\/International\/wp-json\/wp\/v2\/comments?post=83097"}],"version-history":[{"count":0,"href":"https:\/\/linitiative.ca\/International\/wp-json\/wp\/v2\/posts\/83097\/revisions"}],"wp:attachment":[{"href":"https:\/\/linitiative.ca\/International\/wp-json\/wp\/v2\/media?parent=83097"}],"wp:term":[{"taxonomy":"category","embeddable":true,"href":"https:\/\/linitiative.ca\/International\/wp-json\/wp\/v2\/categories?post=83097"},{"taxonomy":"post_tag","embeddable":true,"href":"https:\/\/linitiative.ca\/International\/wp-json\/wp\/v2\/tags?post=83097"}],"curies":[{"name":"wp","href":"https:\/\/api.w.org\/{rel}","templated":true}]}}