{"id":83104,"date":"2020-04-22T07:41:13","date_gmt":"2020-04-22T11:41:13","guid":{"rendered":"https:\/\/linitiative.ca\/International\/marrakech-safi-3-nouveaux-cas-de-covid-19-742-au-total-drs\/"},"modified":"2020-04-22T07:41:13","modified_gmt":"2020-04-22T11:41:13","slug":"marrakech-safi-3-nouveaux-cas-de-covid-19-742-au-total-drs","status":"publish","type":"post","link":"https:\/\/linitiative.ca\/International\/marrakech-safi-3-nouveaux-cas-de-covid-19-742-au-total-drs\/","title":{"rendered":"Marrakech-Safi: 3 nouveaux cas de Covid-19, 742 au total (DRS)"},"content":{"rendered":"<div class=\"single-featured\"><img alt=\"\" data-src=\"http:\/\/www.mapmarrakech.ma\/map\/uploads\/2020\/04\/bilan-RAK.jpg\"\/><\/div>\n<div class=\"single-post-excerpt post-excerpt-bc\" readability=\"35\">\n<p>Marrakech \u2013 Trois nouvelles infections au nouveau coronavirus (Covid-19) ont \u00e9t\u00e9 d\u00e9tect\u00e9es au niveau de la r\u00e9gion de Marrakech-Safi, portant \u00e0 742 le nombre de cas confirm\u00e9s dans la r\u00e9gion jusqu\u2019\u00e0 mercredi \u00e0 10H00.<\/p>\n<\/div>\n<div class=\"entry-content clearfix single-post-content\" readability=\"55\">\n<p>Selon un nouveau bilan \u00e9tabli par la Direction R\u00e9gionale de la Sant\u00e9 (DRS), deux nouveaux cas ont \u00e9t\u00e9 d\u00e9clar\u00e9s dans la province de Rehamna, qui compte d\u00e9sormais 217 infections, et une seule infection dans la pr\u00e9fecture de Marrakech (471 au total).<\/p>\n<p>Les cas restants sont ainsi r\u00e9partis entre les provinces d\u2019Al Haouz (26), de Chichaoua (23), d\u2019El Kel\u00e2a des Sraghna (03) et d\u2019Essaouira (02), tandis que les provinces de Safi et de Youssoufia n\u2019ont enregistr\u00e9 aucun cas d\u2019infection.<\/p>\n<p>Deux nouvelles r\u00e9missions ont \u00e9t\u00e9 \u00e9galement signal\u00e9es, portant \u00e0 69 le nombre de personnes d\u00e9clar\u00e9es gu\u00e9ries \u00e0 l\u2019\u00e9chelle de la r\u00e9gion, tandis que celui des d\u00e9c\u00e8s s\u2019est \u00e9tabli \u00e0 38.<\/p>\n<p>Au niveau national, 168 nouveaux cas d\u2019infection au nouveau coronavirus (Covid-19) ont \u00e9t\u00e9 confirm\u00e9s jusqu\u2019\u00e0 mercredi \u00e0 10H00, portant \u00e0 3.377 le nombre total des cas de contamination.<\/p>\n<\/div>\n<p>Auteur: Meriem IGASS<br \/>\n<a href=\"http:\/\/www.mapmarrakech.ma\/fr\/marrakech-safi-3-nouveaux-cas-de-covid-19-742-au-total-drs\/\">Cliquez ici pour lire l&rsquo;article depuis sa source.<\/a><\/p>\n","protected":false},"excerpt":{"rendered":"<p>Marrakech \u2013 Trois nouvelles infections au nouveau coronavirus (Covid-19) ont \u00e9t\u00e9 d\u00e9tect\u00e9es au niveau de la r\u00e9gion de Marrakech-Safi, portant \u00e0 742 le nombre de cas confirm\u00e9s dans la r\u00e9gion jusqu\u2019\u00e0 mercredi \u00e0 10H00. Selon un nouveau bilan \u00e9tabli par la Direction R\u00e9gionale de la Sant\u00e9 (DRS), deux nouveaux cas ont \u00e9t\u00e9 d\u00e9clar\u00e9s dans la [&hellip;]<\/p>\n","protected":false},"author":1788,"featured_media":0,"comment_status":"closed","ping_status":"closed","sticky":false,"template":"","format":"standard","meta":{"fifu_image_url":"","fifu_image_alt":"","footnotes":""},"categories":[54,76],"tags":[],"class_list":["post-83104","post","type-post","status-publish","format-standard","hentry","category-maroc","category-regions"],"_links":{"self":[{"href":"https:\/\/linitiative.ca\/International\/wp-json\/wp\/v2\/posts\/83104","targetHints":{"allow":["GET"]}}],"collection":[{"href":"https:\/\/linitiative.ca\/International\/wp-json\/wp\/v2\/posts"}],"about":[{"href":"https:\/\/linitiative.ca\/International\/wp-json\/wp\/v2\/types\/post"}],"author":[{"embeddable":true,"href":"https:\/\/linitiative.ca\/International\/wp-json\/wp\/v2\/users\/1788"}],"replies":[{"embeddable":true,"href":"https:\/\/linitiative.ca\/International\/wp-json\/wp\/v2\/comments?post=83104"}],"version-history":[{"count":0,"href":"https:\/\/linitiative.ca\/International\/wp-json\/wp\/v2\/posts\/83104\/revisions"}],"wp:attachment":[{"href":"https:\/\/linitiative.ca\/International\/wp-json\/wp\/v2\/media?parent=83104"}],"wp:term":[{"taxonomy":"category","embeddable":true,"href":"https:\/\/linitiative.ca\/International\/wp-json\/wp\/v2\/categories?post=83104"},{"taxonomy":"post_tag","embeddable":true,"href":"https:\/\/linitiative.ca\/International\/wp-json\/wp\/v2\/tags?post=83104"}],"curies":[{"name":"wp","href":"https:\/\/api.w.org\/{rel}","templated":true}]}}