{"id":83105,"date":"2020-04-22T11:59:23","date_gmt":"2020-04-22T15:59:23","guid":{"rendered":"https:\/\/linitiative.ca\/International\/interdiction-de-lusage-des-passages-de-desinfection-des-personnes\/"},"modified":"2020-04-22T11:59:23","modified_gmt":"2020-04-22T15:59:23","slug":"interdiction-de-lusage-des-passages-de-desinfection-des-personnes","status":"publish","type":"post","link":"https:\/\/linitiative.ca\/International\/interdiction-de-lusage-des-passages-de-desinfection-des-personnes\/","title":{"rendered":"Interdiction de l\u2019usage des passages de d\u00e9sinfection des personnes"},"content":{"rendered":"<div class=\"single-featured\"><img alt=\"\" data-src=\"http:\/\/www.mapmarrakech.ma\/map\/uploads\/2020\/04\/PASSAGE-DE-De&#x301;sinfection.jpg\"\/><\/div>\n<div class=\"single-post-excerpt post-excerpt-bc\" readability=\"39\">\n<p>L\u2019usage et la commercialisation des passages de d\u00e9sinfection des personnes ont \u00e9t\u00e9 strictement interdits en raison des dangers dus \u00e0 l\u2019exposition aux produits utilis\u00e9s dans l\u2019op\u00e9ration de d\u00e9sinfection sur la sant\u00e9 et la s\u00e9curit\u00e9 des usagers, indique un communiqu\u00e9 conjoint des minist\u00e8res de l\u2019Int\u00e9rieur, de la Sant\u00e9, et de l\u2019Industrie, du commerce et de l\u2019\u00e9conomie verte et num\u00e9rique.<\/p>\n<\/div>\n<div class=\"entry-content clearfix single-post-content\" readability=\"57\">\n<p>Cette d\u00e9cision intervient suite \u00e0 la r\u00e9union du Comit\u00e9 de normalisation, charg\u00e9 d\u2019\u00e9tablir des caract\u00e9ristiques normalis\u00e9es marocaines pour les passages de d\u00e9sinfection des personnes et les produits utilis\u00e9s, souligne le communiqu\u00e9 conjoint, notant que le comit\u00e9 ne dispose pas actuellement de tous les \u00e9l\u00e9ments scientifiques n\u00e9cessaires \u00e0 l\u2019\u00e9tablissement de ces normes.<\/p>\n<p>Il a \u00e9t\u00e9 ainsi d\u00e9cid\u00e9 l\u2019interdiction totale de l\u2019usage et de la commercialisation des passages de d\u00e9sinfection des personnes en raison des dangers que repr\u00e9sente l\u2019exposition aux produits utilis\u00e9s dans l\u2019op\u00e9ration de d\u00e9sinfection pour la sant\u00e9 et la s\u00e9curit\u00e9 des usagers, fait savoir le communiqu\u00e9.<\/p>\n<p>La m\u00eame source souligne que ces passages pourraient servir \u00e0 d\u00e9sinfecter les appareils et les produits utilis\u00e9s pour le stockage, le conditionnement, la manutention et le transport des marchandises.<\/p>\n<p>Tous les passages de d\u00e9sinfection des personnes mis en place \u00e0 l\u2019entr\u00e9e des \u00e9tablissements, des espaces publics ou des commerces ou dans tout autre lieu doivent \u00eatre ainsi retir\u00e9s, poursuit le communiqu\u00e9, notant que toute violation de cette d\u00e9cision entra\u00eenera une poursuite en justice.<\/p>\n<\/div>\n<p>Auteur: Meriem IGASS<br \/>\n<a href=\"http:\/\/www.mapmarrakech.ma\/fr\/interdiction-de-lusage-des-passages-de-desinfection-des-personnes\/\">Cliquez ici pour lire l&rsquo;article depuis sa source.<\/a><\/p>\n","protected":false},"excerpt":{"rendered":"<p>L\u2019usage et la commercialisation des passages de d\u00e9sinfection des personnes ont \u00e9t\u00e9 strictement interdits en raison des dangers dus \u00e0 l\u2019exposition aux produits utilis\u00e9s dans l\u2019op\u00e9ration de d\u00e9sinfection sur la sant\u00e9 et la s\u00e9curit\u00e9 des usagers, indique un communiqu\u00e9 conjoint des minist\u00e8res de l\u2019Int\u00e9rieur, de la Sant\u00e9, et de l\u2019Industrie, du commerce et de l\u2019\u00e9conomie [&hellip;]<\/p>\n","protected":false},"author":1788,"featured_media":0,"comment_status":"closed","ping_status":"closed","sticky":false,"template":"","format":"standard","meta":{"fifu_image_url":"","fifu_image_alt":"","footnotes":""},"categories":[54,76],"tags":[],"class_list":["post-83105","post","type-post","status-publish","format-standard","hentry","category-maroc","category-regions"],"_links":{"self":[{"href":"https:\/\/linitiative.ca\/International\/wp-json\/wp\/v2\/posts\/83105","targetHints":{"allow":["GET"]}}],"collection":[{"href":"https:\/\/linitiative.ca\/International\/wp-json\/wp\/v2\/posts"}],"about":[{"href":"https:\/\/linitiative.ca\/International\/wp-json\/wp\/v2\/types\/post"}],"author":[{"embeddable":true,"href":"https:\/\/linitiative.ca\/International\/wp-json\/wp\/v2\/users\/1788"}],"replies":[{"embeddable":true,"href":"https:\/\/linitiative.ca\/International\/wp-json\/wp\/v2\/comments?post=83105"}],"version-history":[{"count":0,"href":"https:\/\/linitiative.ca\/International\/wp-json\/wp\/v2\/posts\/83105\/revisions"}],"wp:attachment":[{"href":"https:\/\/linitiative.ca\/International\/wp-json\/wp\/v2\/media?parent=83105"}],"wp:term":[{"taxonomy":"category","embeddable":true,"href":"https:\/\/linitiative.ca\/International\/wp-json\/wp\/v2\/categories?post=83105"},{"taxonomy":"post_tag","embeddable":true,"href":"https:\/\/linitiative.ca\/International\/wp-json\/wp\/v2\/tags?post=83105"}],"curies":[{"name":"wp","href":"https:\/\/api.w.org\/{rel}","templated":true}]}}