{"id":83107,"date":"2020-04-22T13:32:40","date_gmt":"2020-04-22T17:32:40","guid":{"rendered":"https:\/\/linitiative.ca\/International\/deux-nouvelles-remissions-au-chu-mohammed-vi-36-au-total\/"},"modified":"2020-04-22T13:32:40","modified_gmt":"2020-04-22T17:32:40","slug":"deux-nouvelles-remissions-au-chu-mohammed-vi-36-au-total","status":"publish","type":"post","link":"https:\/\/linitiative.ca\/International\/deux-nouvelles-remissions-au-chu-mohammed-vi-36-au-total\/","title":{"rendered":"Deux nouvelles r\u00e9missions au CHU Mohammed VI, 36 au total"},"content":{"rendered":"<div class=\"single-featured\"><img alt=\"\" data-src=\"http:\/\/www.mapmarrakech.ma\/map\/uploads\/2020\/04\/Laboratoire-de-Virologie-3.jpg\"\/><\/div>\n<div class=\"single-post-excerpt post-excerpt-bc\" readability=\"37\">\n<p>Marrakech \u2013 Deux patients compl\u00e8tement gu\u00e9ris du nouveau coronavirus (Covid-19) ont quitt\u00e9, mercredi, le Centre Hospitalier Universitaire (CHU) Mohammed VI de Marrakech, au terme de leur dur\u00e9e d\u2019hospitalisation.<\/p>\n<\/div>\n<div class=\"entry-content clearfix single-post-content\" readability=\"63\">\n<p>Il s\u2019agit d\u2019une femme (55 ans) et d\u2019un homme (52 ans), d\u00e9clar\u00e9s d\u00e9finitivement gu\u00e9ris apr\u00e8s que les tests m\u00e9dicaux et cliniques effectu\u00e9s sur eux, se sont r\u00e9v\u00e9l\u00e9s n\u00e9gatifs.<\/p>\n<p>Ainsi, ces nouvelles r\u00e9missions portent \u00e0 36, le nombre total des patients ayant quitt\u00e9 cet \u00e9tablissement hospitalier apr\u00e8s la confirmation de leur gu\u00e9rison totale.<\/p>\n<p>Dans une d\u00e9claration \u00e0 la MAP, le coordinateur g\u00e9n\u00e9ral du Covid-19 au CHU Mohammed VI, Dr. Takoui Abdelmajid, a indiqu\u00e9 que le patient gu\u00e9ri a pass\u00e9 15 jours au CHU mais devra encore observer une dur\u00e9e suppl\u00e9mentaire de 05 jours de confinement dans un h\u00f4tel de la cit\u00e9 ocre avant de regagner son domicile familial.<\/p>\n<p>La patiente gu\u00e9rie a pass\u00e9, quant \u00e0 elle, 25 jours au CHU Mohammed VI de Marrakech, a-t-il pr\u00e9cis\u00e9, relevant que les deux patients ne souffraient d\u2019aucune complication ou de maladie chronique.<\/p>\n<p>Dr. Takoui a fait savoir que le nombre total des patients contamin\u00e9s au Covid-19 et pris en charge actuellement au CHU Mohammed VI s\u2019\u00e9l\u00e8ve \u00e0 quelque 187 personnes.<\/p>\n<p>Par ailleurs, il a appel\u00e9 les citoyens au respect scrupuleux des mesures pr\u00e9ventives adopt\u00e9es dans le cadre de l\u2019\u00e9tat d\u2019urgence sanitaire d\u00e9cr\u00e9t\u00e9 par les autorit\u00e9s comp\u00e9tentes en vue d\u2019enrayer la propagation du Covid-19.<\/p>\n<\/div>\n<p>Auteur: Meriem IGASS<br \/>\n<a href=\"http:\/\/www.mapmarrakech.ma\/fr\/deux-nouvelles-remissions-au-chu-mohammed-vi-36-au-total\/\">Cliquez ici pour lire l&rsquo;article depuis sa source.<\/a><\/p>\n","protected":false},"excerpt":{"rendered":"<p>Marrakech \u2013 Deux patients compl\u00e8tement gu\u00e9ris du nouveau coronavirus (Covid-19) ont quitt\u00e9, mercredi, le Centre Hospitalier Universitaire (CHU) Mohammed VI de Marrakech, au terme de leur dur\u00e9e d\u2019hospitalisation. Il s\u2019agit d\u2019une femme (55 ans) et d\u2019un homme (52 ans), d\u00e9clar\u00e9s d\u00e9finitivement gu\u00e9ris apr\u00e8s que les tests m\u00e9dicaux et cliniques effectu\u00e9s sur eux, se sont r\u00e9v\u00e9l\u00e9s [&hellip;]<\/p>\n","protected":false},"author":1788,"featured_media":0,"comment_status":"closed","ping_status":"closed","sticky":false,"template":"","format":"standard","meta":{"fifu_image_url":"","fifu_image_alt":"","footnotes":""},"categories":[54,76],"tags":[],"class_list":["post-83107","post","type-post","status-publish","format-standard","hentry","category-maroc","category-regions"],"_links":{"self":[{"href":"https:\/\/linitiative.ca\/International\/wp-json\/wp\/v2\/posts\/83107","targetHints":{"allow":["GET"]}}],"collection":[{"href":"https:\/\/linitiative.ca\/International\/wp-json\/wp\/v2\/posts"}],"about":[{"href":"https:\/\/linitiative.ca\/International\/wp-json\/wp\/v2\/types\/post"}],"author":[{"embeddable":true,"href":"https:\/\/linitiative.ca\/International\/wp-json\/wp\/v2\/users\/1788"}],"replies":[{"embeddable":true,"href":"https:\/\/linitiative.ca\/International\/wp-json\/wp\/v2\/comments?post=83107"}],"version-history":[{"count":0,"href":"https:\/\/linitiative.ca\/International\/wp-json\/wp\/v2\/posts\/83107\/revisions"}],"wp:attachment":[{"href":"https:\/\/linitiative.ca\/International\/wp-json\/wp\/v2\/media?parent=83107"}],"wp:term":[{"taxonomy":"category","embeddable":true,"href":"https:\/\/linitiative.ca\/International\/wp-json\/wp\/v2\/categories?post=83107"},{"taxonomy":"post_tag","embeddable":true,"href":"https:\/\/linitiative.ca\/International\/wp-json\/wp\/v2\/tags?post=83107"}],"curies":[{"name":"wp","href":"https:\/\/api.w.org\/{rel}","templated":true}]}}