{"id":83108,"date":"2020-04-22T06:42:30","date_gmt":"2020-04-22T10:42:30","guid":{"rendered":"https:\/\/linitiative.ca\/International\/meteo-fortes-averses-sur-les-wilayas-du-centre-mercredi\/"},"modified":"2020-04-22T06:42:30","modified_gmt":"2020-04-22T10:42:30","slug":"meteo-fortes-averses-sur-les-wilayas-du-centre-mercredi","status":"publish","type":"post","link":"https:\/\/linitiative.ca\/International\/meteo-fortes-averses-sur-les-wilayas-du-centre-mercredi\/","title":{"rendered":"M\u00e9t\u00e9o: fortes averses sur les wilayas du Centre mercredi"},"content":{"rendered":"<p><span class=\"sp-nh-title\">Ramadhan: les medias audiovisuels appel\u00e9s \u00e0 adapter leur grille de programme<\/span> &#8211; <span class=\"sp-nh-date\">mercredi 22 avril 2020 19:00<\/span><\/p>\n<p><span class=\"sp-nh-title\">L&rsquo;exp\u00e9rience alg\u00e9rienne en mati\u00e8re de lutte contre le covid-19 pr\u00e9sent\u00e9e en visioconf\u00e9rence interafricaine<\/span> &#8211; <span class=\"sp-nh-date\">mercredi 22 avril 2020 18:53<\/span><\/p>\n<p><span class=\"sp-nh-title\">Covid-19 : la d\u00e9cision de d\u00e9confinement \u00e9voluera en fonction de la situation<\/span> &#8211; <span class=\"sp-nh-date\">mercredi 22 avril 2020 18:17<\/span><\/p>\n<p><span class=\"sp-nh-title\">Vote jeudi des deux projets de loi relatifs au Code p\u00e9nal et \u00e0 la lutte contre la discrimination<\/span> &#8211; <span class=\"sp-nh-date\">mercredi 22 avril 2020 18:06<\/span><\/p>\n<p><span class=\"sp-nh-title\">Non-respect du confinement: mise en garde contre une \u00e9ventuelle deuxi\u00e8me vague du coronavirus<\/span> &#8211; <span class=\"sp-nh-date\">mercredi 22 avril 2020 17:44<\/span><\/p>\n<p><span class=\"sp-nh-title\">Les produits alimentaires suffisamment disponibles pendant le Ramadhan<\/span> &#8211; <span class=\"sp-nh-date\">mercredi 22 avril 2020 17:39<\/span><\/p>\n<p><span class=\"sp-nh-title\">Covid-19 : 99 nouveaux cas confirm\u00e9s et 10 nouveaux d\u00e9c\u00e8s en Alg\u00e9rie<\/span> &#8211; <span class=\"sp-nh-date\">mercredi 22 avril 2020 16:50<\/span><\/p>\n<p><span class=\"sp-nh-title\">Tindouf : pr\u00e8s de 300 tonnes d\u2019aides alimentaires destin\u00e9es aux sahraouis<\/span> &#8211; <span class=\"sp-nh-date\">mercredi 22 avril 2020 16:44<\/span><\/p>\n<p><span class=\"sp-nh-title\">Rachid Nadil install\u00e9 \u00e0 la t\u00eate de l\u2019Autorit\u00e9 de r\u00e9gulation des hydrocarbures<\/span> &#8211; <span class=\"sp-nh-date\">mercredi 22 avril 2020 16:30<\/span><\/p>\n<p><span class=\"sp-nh-title\">Coronavirus: mise en garde contre une catastrophe humanitaire mondiale<\/span> &#8211; <span class=\"sp-nh-date\">mercredi 22 avril 2020 16:19<\/span><\/p>\n<p><span class=\"sp-nh-title\">Rapatriement des ressortissants fran\u00e7ais: la DGSN d\u00e9ment les all\u00e9gations contre la police des fronti\u00e8res<\/span> &#8211; <span class=\"sp-nh-date\">mercredi 22 avril 2020 16:06<\/span><\/p>\n<p><span class=\"sp-nh-title\">Covid-19 \u00e0 Tizi-Ouzou : des repas r\u00e9confortants pour soutenir le personnel soignant<\/span> &#8211; <span class=\"sp-nh-date\">mercredi 22 avril 2020 15:33<\/span><\/p>\n<p><span class=\"sp-nh-title\">Covid-19 \u00e0 Tizi-Ouzou : l\u2019infectiologue Pr Abdelkrim Benali, un mois \u00e0 soigner et r\u00e9sister \u00a0 \u00a0<\/span> &#8211; <span class=\"sp-nh-date\">mercredi 22 avril 2020 15:20<\/span><\/p>\n<p><span class=\"sp-nh-title\">Mounir Berrah install\u00e9 dans ses fonctions de SG du minist\u00e8re de l&rsquo;Enseignement sup\u00e9rieur<\/span> &#8211; <span class=\"sp-nh-date\">mercredi 22 avril 2020 15:13<\/span><\/p>\n<p><span class=\"sp-nh-title\">Barrages : un taux de remplissage de 62 % \u00e0 travers le territoire national\u00a0<\/span> &#8211; <span class=\"sp-nh-date\">mercredi 22 avril 2020 15:05<\/span><\/p>\n<p><span class=\"sp-nh-title\">Sur le Net, Amar et Amimeur accompagnent les boulistes en confinement<\/span> &#8211; <span class=\"sp-nh-date\">mercredi 22 avril 2020 14:52<\/span><\/p>\n<p><span class=\"sp-nh-title\">Accident de la circulation : un mort et 111 bless\u00e9s durant les derni\u00e8res 24 heures<\/span> &#8211; <span class=\"sp-nh-date\">mercredi 22 avril 2020 14:45<\/span><\/p>\n<p><span class=\"sp-nh-title\">Arr\u00eat prolong\u00e9 des comp\u00e9titions nationales : le Covid-19 bouleverse le quotidien des sportifs<\/span> &#8211; <span class=\"sp-nh-date\">mercredi 22 avril 2020 13:24<\/span><\/p>\n<p><span class=\"sp-nh-title\">Lutte contre le coronavirus: l&rsquo;ONU salue les mesures courageuses prises par l&rsquo;Alg\u00e9rie<\/span> &#8211; <span class=\"sp-nh-date\">mercredi 22 avril 2020 13:18<\/span><\/p>\n<p><span class=\"sp-nh-title\">APN: Pr\u00e9sentation du projet de loi modifiant et compl\u00e9tant le Code p\u00e9nal<\/span> &#8211; <span class=\"sp-nh-date\">mercredi 22 avril 2020 13:09<\/span><\/p>\n<p>Auteur:<br \/>\n<a href=\"http:\/\/www.aps.dz\/regions\/104288-meteo-fortes-averses-sur-les-wilayas-du-centre-mercredi\">Cliquez ici pour lire l&rsquo;article depuis sa source.<\/a><\/p>\n","protected":false},"excerpt":{"rendered":"<p>Ramadhan: les medias audiovisuels appel\u00e9s \u00e0 adapter leur grille de programme &#8211; mercredi 22 avril 2020 19:00 L&rsquo;exp\u00e9rience alg\u00e9rienne en mati\u00e8re de lutte contre le covid-19 pr\u00e9sent\u00e9e en visioconf\u00e9rence interafricaine &#8211; mercredi 22 avril 2020 18:53 Covid-19 : la d\u00e9cision de d\u00e9confinement \u00e9voluera en fonction de la situation &#8211; mercredi 22 avril 2020 18:17 Vote [&hellip;]<\/p>\n","protected":false},"author":1790,"featured_media":0,"comment_status":"closed","ping_status":"closed","sticky":false,"template":"","format":"standard","meta":{"fifu_image_url":"","fifu_image_alt":"","footnotes":""},"categories":[53,76],"tags":[],"class_list":["post-83108","post","type-post","status-publish","format-standard","hentry","category-algerie","category-regions"],"_links":{"self":[{"href":"https:\/\/linitiative.ca\/International\/wp-json\/wp\/v2\/posts\/83108","targetHints":{"allow":["GET"]}}],"collection":[{"href":"https:\/\/linitiative.ca\/International\/wp-json\/wp\/v2\/posts"}],"about":[{"href":"https:\/\/linitiative.ca\/International\/wp-json\/wp\/v2\/types\/post"}],"author":[{"embeddable":true,"href":"https:\/\/linitiative.ca\/International\/wp-json\/wp\/v2\/users\/1790"}],"replies":[{"embeddable":true,"href":"https:\/\/linitiative.ca\/International\/wp-json\/wp\/v2\/comments?post=83108"}],"version-history":[{"count":0,"href":"https:\/\/linitiative.ca\/International\/wp-json\/wp\/v2\/posts\/83108\/revisions"}],"wp:attachment":[{"href":"https:\/\/linitiative.ca\/International\/wp-json\/wp\/v2\/media?parent=83108"}],"wp:term":[{"taxonomy":"category","embeddable":true,"href":"https:\/\/linitiative.ca\/International\/wp-json\/wp\/v2\/categories?post=83108"},{"taxonomy":"post_tag","embeddable":true,"href":"https:\/\/linitiative.ca\/International\/wp-json\/wp\/v2\/tags?post=83108"}],"curies":[{"name":"wp","href":"https:\/\/api.w.org\/{rel}","templated":true}]}}