{"id":83109,"date":"2020-04-22T10:20:19","date_gmt":"2020-04-22T14:20:19","guid":{"rendered":"https:\/\/linitiative.ca\/International\/covid-19-a-tizi-ouzou-linfectiologue-pr-abdelkrim-benali-un-mois-a-soigner-et-resister\/"},"modified":"2020-04-22T10:20:19","modified_gmt":"2020-04-22T14:20:19","slug":"covid-19-a-tizi-ouzou-linfectiologue-pr-abdelkrim-benali-un-mois-a-soigner-et-resister","status":"publish","type":"post","link":"https:\/\/linitiative.ca\/International\/covid-19-a-tizi-ouzou-linfectiologue-pr-abdelkrim-benali-un-mois-a-soigner-et-resister\/","title":{"rendered":"Covid-19 \u00e0 Tizi-Ouzou : l\u2019infectiologue Pr Abdelkrim Benali, un mois \u00e0 soigner et r\u00e9sister  \u00a0  \u00a0"},"content":{"rendered":"<div readability=\"38\">\n<p>TIZI-OUZOU \u2013 Cela fait exactement un mois que le Pr. Abdelkrim Benali, infectiologue au Centre hospitalo-universitaire (CHU) Nedir Mohamed de Tizi-Ouzou, re\u00e7oit des patients infect\u00e9s par le nouveau coronavirus Covid-19, et durant toute cette p\u00e9riode ce praticien n&rsquo;a m\u00e9nag\u00e9 aucun efforts pour soigner et \u00e0 r\u00e9sister face \u00e0 cet ennemi invisible.<\/p>\n<\/div>\n<div readability=\"141\">\n<p>Devoir et conscience professionnelle oblige, cet infectiologue qui accumule 25 ann\u00e9es de lutte contre les infections et qui a fait face durant sa vire professionnelle \u00e0 des \u00e9pid\u00e9mies dont celles du H1N1 et la leptospirose, m\u00e8ne aujourd\u2019hui un nouveau combat contre un virus plus redoutable que ce qu\u2019il a eu \u00e0 traiter jusque-l\u00e0.<\/p>\n<p>Rencontr\u00e9 au CHU de Tizi-Ouzou vers 10H30, Pr Benali, qui ne s\u2019\u00e9tait pas encore repos\u00e9 de la garde de la veille qui a d\u00e9but\u00e9 \u00e0 16H00, d\u00e9clare d\u2019embl\u00e9e \u00e0 l\u2019APS, qui l\u2019a sollicit\u00e9 pour un portrait, qu\u2019il ne veut pas parler de sa personne.<\/p>\n<p>\u00ab\u00a0Nous somme toute une \u00e9quipe impliqu\u00e9s dans cette lutte contre le Covid-19. Dans des moments difficiles comme celui de cette pand\u00e9mie, on ne travaille pas seul, on ne pense pas \u00e0 soi-m\u00eame mais on pense \u00e9quipe\u00a0\u00bb, a-t-il observ\u00e9 modestement.<\/p>\n<p>L\u2019arriv\u00e9e des premiers patients atteints par le Covid-19 au service des maladies infectieuses, est d\u00e9sormais un souvenir ind\u00e9l\u00e9bile de la m\u00e9moire de ce sp\u00e9cialiste.<\/p>\n<p>\u00ab\u00a0Je me rappelle tr\u00e8s bien des premiers cas. Et \u00e7a c\u2019est pass\u00e9 exactement le 15 mars. Ce jour la j\u2019\u00e9tais de garde. Il y avait trois malades, le lendemain matin nous apprenons qu\u2019il y avait trois autres malades pr\u00e9sentant les sympt\u00f4mes d\u2019une infection au Covid-19 au niveau duservice de pneumologie\u00a0\u00bb.<\/p>\n<blockquote readability=\"15\">\n<p><strong>Devant cette situation exceptionnelle, ce m\u00e9decin et son \u00e9quipe, compos\u00e9e de 17 m\u00e9decins dont deux de rang magistral, sept sp\u00e9cialistes et 8 r\u00e9sidents, ont eu pour premi\u00e8re d\u00e9marche de r\u00e9unir les meilleurs conditions de prose en charge des cas suspects, en demandant \u00e0 l\u2019administration du CHU de r\u00e9server un espace qui sera consacr\u00e9 exclusivement \u00e0 la prise en charge de ces patients, chose qui a \u00e9t\u00e9 faite le jour m\u00eame, a-t-il dit.<\/strong><\/p>\n<\/blockquote>\n<p>L\u2019arriv\u00e9e des malades dans le service d\u00e9sormais r\u00e9serv\u00e9 \u00e0 la pathologie du nouveau coronavirus, \u00e9tait un v\u00e9ritable moment d\u2019\u00e9motion pour le Pr Benali.<\/p>\n<p>\u00ab\u00a0Nous sommes des professionnels, nous c\u00f4toyons les infections quotidiennement et cela fait partie de notre travail mais nous sommes des \u00eatre humains.<\/p>\n<p>\u00ab\u00a0Le premier jour quand j\u2019ai re\u00e7u les premiers malades qui venaient de rentrer dans le service en file indienne, un flash est pass\u00e9 dans ma t\u00eate et j\u2019ai revu la sc\u00e8ne d\u2019un c\u00e9l\u00e8bre film. J\u2019ai eu un moment de peur peut \u00eatre, mais quelques minutes apr\u00e8s lorsque nous avons commenc\u00e9 \u00e0 examiner les patients nous avons vite repris notre s\u00e9r\u00e9nit\u00e9\u00a0\u00bb, s\u2019est-il confi\u00e9.<\/p>\n<p><strong>== D&rsquo;importantes contraintes physiques et morales ==<\/strong><\/p>\n<p>Un mois \u00e0 traiter les malades tout en se prot\u00e9geant et en prot\u00e9geant sa\u00a0famille et son entourage, est une charge qui p\u00e8se sur le personnel soignant. \u00ab\u00a0Au bout d\u2019un certain temps et avec la fatigue physique et encore plus le stress quotidien, la situation que nous vivons quotidiennement au niveau des h\u00f4pitaux devient pesante sur les \u00e9quipes qui sont au premier rang de lutte contre cette pand\u00e9mie \u00ab\u00a0.<\/p>\n<p>Apr\u00e8s des heures \u00e0 prodiguer des soins aux malades dans un milieu contamin\u00e9 tout en se prot\u00e9geant du virus, rentrer chez sois n\u2019est pas synonyme de repos. \u00ab\u00a0Nous rentrons chez nous et il y a tout un rituel astreignant \u00e0 observer pour ne pas transporter le virus \u00e0 la maison et tout \u00e7a p\u00e8se, un mois c\u2019est lourd, mais nous continuons avec abn\u00e9gation \u00e0 assurer notre devoir\u00a0\u00bb.<\/p>\n<blockquote readability=\"13\">\n<p><em><strong>\u00ab\u00a0A la maison nous sommes confin\u00e9s par crainte de transmettre le virus \u00e0 sa famille, nous \u00e9vitons le contact avec les n\u00f4tres et cette situation p\u00e8se aussi sur les membres de la famille, lorsque vous avez un enfant qui ne peut pas vous approcher \u00e0 moins d\u2019un m\u00e8tre et demi voir deux m\u00e8tres quand vous ne mangez pas avec les membres de la famille, vous \u00eates oblig\u00e9 d\u2019isoler vos effets et ustensiles et que vous \u00e9vitez m\u00eame de croiser vos enfants dans le couloir et ce depuis d\u00e9j\u00e0 un mois, c\u2019est des choses qui p\u00e8sent sur le moral\u00a0\u00bb, a regrett\u00e9 le Pr. Benali.<\/strong><\/em><\/p>\n<\/blockquote>\n<p>Il a observ\u00e9 que certains de ces coll\u00e8gues n\u2019ont m\u00eame pas le privil\u00e8ge de rentrer chez-eux. il s\u2019agit notamment de ceux qui habitent loin et qui sont pris en charge dans des r\u00e9sidences mises \u00e0 leur disposition durant cette pand\u00e9mie.<\/p>\n<p>Face \u00e0 cette situation \u00ab\u00a0\u00e9puisante\u00a0\u00bb compliqu\u00e9e par l\u2019augmentation du nombre des malades puisque le service infectieux est satur\u00e9, ce m\u00eame sp\u00e9cialiste a<\/p>\n<p>lanc\u00e9 un appel \u00e0 ses confr\u00e8res des autres sp\u00e9cialit\u00e9s pour \u00ab\u00a0rejoindre l\u2019\u00e9quipe de lutte conter le Covid-19 qui compte actuellement des infectiologues, des pneumologues, des r\u00e9animateurs et des radiologues\u00a0\u00bb.<\/p>\n<p>\u00ab\u00a0Mon message est pour les hospitaliers qui doivent comprendre que si cette pand\u00e9mie perdure, les \u00e9quipes qui sont en premi\u00e8re ligne ne pourront pas tenir et nous leur demandons de nous aider et de venir nous soulager un tant soit peut pour surpasser cette crise, nous avons une mission \u00e0 partager\u00a0\u00bb.<\/p>\n<p>Pr Benali a saisi l\u2019occasion pour lancer un autre appel aux citoyens qui ont des masques FFP2, pour les remettre aux personnels soignants.<\/p>\n<blockquote readability=\"11\">\n<p><em><strong>\u00ab\u00a0Les citoyens comprennent notre mission, ils nous soutiennent mais s\u2019ils veulent vraiment nous aider en plus de l\u2019application des recommandations \u00e9mises par les experts du Comit\u00e9 scientifique de suivi de l&rsquo;\u00e9volution de la pand\u00e9mie du Coronavirus, je leur dirai que la meilleure fa\u00e7on de nous soutenir, c\u2019est de laisser ces masque FFP2 pour le personnel de soin qui prend en charge les malades et qui est fortement expos\u00e9 au virus.<\/strong><\/em><\/p>\n<\/blockquote>\n<p>\u00ab\u00a0Un soignant prot\u00e9g\u00e9 est un malade sauv\u00e9\u00a0\u00bb a ajout\u00e9 ce m\u00eame sp\u00e9cialiste qui a observ\u00e9 qu\u2019il y a parfois des h\u00f4pitaux ou ces masques manquent. \u00ab\u00a0Le masque chirurgical est suffisant pour le citoyen\u00a0\u00bb, a-t-il dit en soulignant qu\u2019\u00a0\u00bbil ne faut pas avoir trop peur ni ne pas avoir peur du tout\u00a0\u00bb.<\/p>\n<\/div>\n<p>Auteur:<br \/>\n<a href=\"http:\/\/www.aps.dz\/regions\/104301-covid-19-a-tizi-ouzou-l-infectiologue-pr-abdelkrim-benali-un-mois-a-soigner-et-resister\">Cliquez ici pour lire l&rsquo;article depuis sa source.<\/a><\/p>\n","protected":false},"excerpt":{"rendered":"<p>TIZI-OUZOU \u2013 Cela fait exactement un mois que le Pr. Abdelkrim Benali, infectiologue au Centre hospitalo-universitaire (CHU) Nedir Mohamed de Tizi-Ouzou, re\u00e7oit des patients infect\u00e9s par le nouveau coronavirus Covid-19, et durant toute cette p\u00e9riode ce praticien n&rsquo;a m\u00e9nag\u00e9 aucun efforts pour soigner et \u00e0 r\u00e9sister face \u00e0 cet ennemi invisible. Devoir et conscience professionnelle [&hellip;]<\/p>\n","protected":false},"author":1790,"featured_media":0,"comment_status":"closed","ping_status":"closed","sticky":false,"template":"","format":"standard","meta":{"fifu_image_url":"","fifu_image_alt":"","footnotes":""},"categories":[53,76],"tags":[],"class_list":["post-83109","post","type-post","status-publish","format-standard","hentry","category-algerie","category-regions"],"_links":{"self":[{"href":"https:\/\/linitiative.ca\/International\/wp-json\/wp\/v2\/posts\/83109","targetHints":{"allow":["GET"]}}],"collection":[{"href":"https:\/\/linitiative.ca\/International\/wp-json\/wp\/v2\/posts"}],"about":[{"href":"https:\/\/linitiative.ca\/International\/wp-json\/wp\/v2\/types\/post"}],"author":[{"embeddable":true,"href":"https:\/\/linitiative.ca\/International\/wp-json\/wp\/v2\/users\/1790"}],"replies":[{"embeddable":true,"href":"https:\/\/linitiative.ca\/International\/wp-json\/wp\/v2\/comments?post=83109"}],"version-history":[{"count":0,"href":"https:\/\/linitiative.ca\/International\/wp-json\/wp\/v2\/posts\/83109\/revisions"}],"wp:attachment":[{"href":"https:\/\/linitiative.ca\/International\/wp-json\/wp\/v2\/media?parent=83109"}],"wp:term":[{"taxonomy":"category","embeddable":true,"href":"https:\/\/linitiative.ca\/International\/wp-json\/wp\/v2\/categories?post=83109"},{"taxonomy":"post_tag","embeddable":true,"href":"https:\/\/linitiative.ca\/International\/wp-json\/wp\/v2\/tags?post=83109"}],"curies":[{"name":"wp","href":"https:\/\/api.w.org\/{rel}","templated":true}]}}