{"id":83111,"date":"2020-04-22T15:01:49","date_gmt":"2020-04-22T19:01:49","guid":{"rendered":"https:\/\/linitiative.ca\/International\/de-partout\/"},"modified":"2020-04-22T15:01:49","modified_gmt":"2020-04-22T19:01:49","slug":"de-partout","status":"publish","type":"post","link":"https:\/\/linitiative.ca\/International\/de-partout\/","title":{"rendered":"DE PARTOUT"},"content":{"rendered":"<p class=\"MsoNoSpacing\"><strong class=\"c3\"><span class=\"c2\">Riche palmar\u00e8s de l\u2019&rsquo;institution s\u00e9curitaire<\/span><\/strong><\/p>\n<p class=\"MsoNoSpacing c5\"><span class=\"c4\">Le ministre de l&rsquo;Int\u00e9rieur Hichem M\u00e9chichi a indiqu\u00e9, hier, que l&rsquo;institution s\u00e9curitaire continue \u00e0 r\u00e9aliser des r\u00e9ussites dans le cadre de la lutte contre le terrorisme malgr\u00e9 les actions prioritaires \u00e0 traiter au cours de cette \u00e9tape visant \u00e0 endiguer la propagation du coronavirus.<\/span><\/p>\n<p class=\"MsoNoSpacing c5\"><span class=\"c4\">S&rsquo;exprimant au cours d&rsquo;une s\u00e9ance de dialogue au parlement sur les r\u00e9percussions de la pand\u00e9mie de Covid-19 sur la mission des unit\u00e9s s\u00e9curitaires, M\u00e9chichi a relev\u00e9 que les diff\u00e9rents corps s\u00e9curitaires ont continu\u00e9 \u00e0 s&rsquo;acquitter de leur r\u00f4le pour le maintien de l&rsquo;ordre, la lutte contre le terrorisme et l&rsquo;application de la loi dans le respect des droits humains et dans un climat marqu\u00e9 par la recrudescence des menaces terroristes.<\/span><\/p>\n<p class=\"MsoNoSpacing c5\"><span class=\"c4\">\u00ab\u00a0L&rsquo;op\u00e9ration anticipative survenue, le 4 avril courant, sur les hauteurs de Kasserine ayant permis la neutralisation de deux terroristes, en est la meilleure preuve\u00a0\u00bb, a-t-il dit.<\/span><\/p>\n<p class=\"MsoNoSpacing c5\"><span class=\"c4\">Et d&rsquo;ajouter : \u00ab\u00a0Les deux terroristes neutralis\u00e9s sont class\u00e9s tr\u00e8s dangereux et ont particip\u00e9 \u00e0 plusieurs op\u00e9rations terroristes \u00e0 Kasserine dont l&rsquo;attaque contre la maison de l&rsquo;ex-ministre de l&rsquo;Int\u00e9rieur Lotfi Ben Jeddou (2015), l&rsquo;op\u00e9ration de Henchir Tella (2014), l&#8217;embuscade tendue \u00e0 une patrouille militaire \u00e0 Jbel Mghilla (2015) et une autre \u00e0 Jbel Salloum\u00a0\u00bb.<\/span><\/p>\n<p class=\"MsoNoSpacing c10\"><span class=\"c8\"><span class=\"c7\">n<span class=\"c6\">\u00a0<\/span><\/span><\/span> <strong class=\"c3\"><span class=\"c9\">Les forces s\u00e9curitaires sont un rempart contre ces b\u00eates sauvages et il vaut mieux les laisser travailler, au lieu de ces palabres dans une ARP moribonde.<\/span><\/strong><\/p>\n<p class=\"MsoNoSpacing c5\"><span class=\"c4\">\u00a0<\/span><\/p>\n<p class=\"MsoNoSpacing c5\"><strong class=\"c12\"><span class=\"c11\">17 nouveaux cas Covid-19 confirm\u00e9s lundi<\/span><\/strong><\/p>\n<p class=\"MsoNoSpacing c5\"><span class=\"c4\">Sur un total de 878 analyses effectu\u00e9es dont 138 sur des cas anciens, 34 cas ont \u00e9t\u00e9 test\u00e9s positifs au 20 avril 2020 (17 nouveaux et 17 anciens) portant ainsi le bilan \u00e0 901 cas confirm\u00e9s sur un total de 18165 pr\u00e9l\u00e8vements.<\/span><\/p>\n<p class=\"MsoNoSpacing c5\"><span class=\"c4\">Selon un communiqu\u00e9 du minist\u00e8re de la sant\u00e9, les cas confirm\u00e9s d\u2019infection au nouveau coronavirus responsable de la maladie du COVID-19 sont r\u00e9partis comme suit :<\/span><\/p>\n<p class=\"MsoNoSpacing c5\"><span class=\"c4\">La r\u00e9gion de Tunis reste en t\u00eate avec 195 cas, suivie de l\u2019Ariana (93), Ben Arous (91), M\u00e9denine (85), K\u00e9bili (85), Sousse (74), Manouba (38), Monastir (37), Sfax (36), Gafsa (33), Tataouine (32),Gabes (22), Bizerte (19), Mahdia (15), Nabeul (12), Kairouan (06), le Kef (05), Sidi Bouzid (05), Tozeur (05), Kasserine (05), B\u00e9ja (03), Zaghouan (03), et Jendouba (01).<\/span><\/p>\n<p class=\"MsoNoSpacing c5\"><span class=\"c4\">D\u2019apr\u00e8s la m\u00eame source, 170 malades ont gu\u00e9ri, 25 sont actuellement en r\u00e9animation et 85 autres sont hospitalis\u00e9s.<\/span><\/p>\n<p class=\"MsoNoSpacing c10\"><span class=\"c8\"><span class=\"c7\">n<span class=\"c6\">\u00a0<\/span><\/span><\/span> <strong class=\"c3\"><span class=\"c9\">Ca monte et \u00e7a descend, gare aux moments d\u2019inattention, pour les citoyens inconscients qui pensent que cela n\u2019arrive qu\u2019aux autres.<\/span><\/strong><\/p>\n<p class=\"MsoNoSpacing c5\"><span class=\"c4\">\u00a0<\/span><\/p>\n<p class=\"MsoNoSpacing c5\"><strong class=\"c12\"><span class=\"c11\">Camions libyens \u00e0 rentrer chez eux<\/span><\/strong><\/p>\n<p class=\"MsoNoSpacing c5\"><span class=\"c4\">Les autorit\u00e9s libyennes ont autoris\u00e9 mardi soir, les camions libyens transportant des marchandises et bloqu\u00e9s depuis plus d&rsquo;un mois, au passage frontalier Ras Jedir en Tunisie, \u00e0 se rendre en Libye et \u00e0 traverser le passage frontalier qui \u00e9tait ferm\u00e9 en raison de la pand\u00e9mie.<\/span><\/p>\n<p class=\"MsoNoSpacing c5\"><span class=\"c4\">Les conducteurs de ces camions, dont le nombre d\u00e9passe les 200 seront soumis aux mesures s\u00e9curitaires et douani\u00e8res n\u00e9cessaires, d&rsquo;apr\u00e8s une source s\u00e9curitaire tunisienne.<\/span><\/p>\n<p class=\"MsoNoSpacing c5\"><span class=\"c4\">Ces mesures ont ainsi r\u00e9solu le probl\u00e8me de blocage des camions libyens charg\u00e9s des marchandises, depuis le 20 mars 2020, apr\u00e8s la fermeture par la Libye de ses fronti\u00e8res terrestres, dans le cadre des mesures de lutte contre la propagation du coronavirus.<\/span><\/p>\n<p class=\"MsoNoSpacing c5\"><span class=\"c4\">Les conducteurs de ces camions libyens ont lanc\u00e9, \u00e0 maintes reprises, des appels aux responsables de leur pays, pour obtenir des autorisations de passage des fronti\u00e8res et retrouver leurs familles tout en s&rsquo;engageant \u00e0 se conformer au confinement obligatoire. Ils ont \u00e9galement, organis\u00e9, mardi, un mouvement de protestation pour tenter de forcer le passage du cot\u00e9 tunisien des fronti\u00e8res, mais les agents de s\u00e9curit\u00e9 ont mis en \u00e9chec cette tentative.<\/span><\/p>\n<p class=\"MsoNoSpacing c10\"><span class=\"c8\"><span class=\"c7\">n<span class=\"c6\">\u00a0<\/span><\/span><\/span> <strong class=\"c3\"><span class=\"c9\">En plus de l\u2019effusion du sang de leur peuple, les factions libyennes veulent aussi affamer les citoyens de ce pays fr\u00e8re.<\/span><\/strong><\/p>\n<p class=\"MsoNoSpacing c5\"><span class=\"c4\">\u00a0<\/span><\/p>\n<p class=\"MsoNoSpacing c5\"><span class=\"c4\"><span class=\"c13\">\u00a0<\/span><\/span> <strong class=\"c3\"><span class=\"c14\">Mise en garde de l\u2019UGTT<\/span><\/strong><\/p>\n<p class=\"MsoNoSpacing c5\"><span class=\"c15\">Le Bureau ex\u00e9cutif de l&rsquo;Union g\u00e9n\u00e9rale tunisienne du travail (UGTT), a mis en garde dans un communiqu\u00e9 publi\u00e9 mardi, contre toute violation de l&rsquo;accord du 14 avril courant, conclu entre l\u2019UGTT et l\u2019Union tunisienne de l\u2019Industrie, du Commerce et de l\u2019artisanat (UTICA) et relatif au versement des salaires du mois d\u2019avril au profit des employ\u00e9s du secteur priv\u00e9. L\u2019UGTT a appel\u00e9 ses structures syndicale \u00e0 suivre de pr\u00e8s ce dossier, soulignant que l\u2019accord en question \u00ab\u00a0est clair et ne peut \u00eatre sujet \u00e0 interpr\u00e9tation, et stipule le versement des salaires du mois d\u2019avril aux employ\u00e9s du secteur priv\u00e9 dont une partie (200 dinars) sera prise en charge par le minist\u00e8re des Affaires sociales au titre des aides conjoncturelles et exceptionnelles d\u00e9cid\u00e9es par le gouvernement.<\/span><\/p>\n<p class=\"MsoNoSpacing c5\"><span class=\"c15\">La m\u00eame source indique que l&rsquo;accord pr\u00e9voit le versement des r\u00e9mun\u00e9rations et ne mentionne aucune des formules \u00e9voqu\u00e9es (avance sur salaire, sur heures suppl\u00e9mentaires ou forme de pr\u00eat), soulignant l\u2019imp\u00e9ratif d\u2019en appliquer les dispositions \u00e0 la lettre.<\/span><\/p>\n<p class=\"MsoNoSpacing c18\"><span class=\"c16\"><span class=\"c7\">n<span class=\"c6\">\u00a0<\/span><\/span><\/span> <strong class=\"c3\"><span class=\"c17\">Les salaires des travailleurs concern\u00e9s constitue un droit et non pas une aum\u00f4ne, et il n\u2019y a aucune raison pour chercher des faux fuyants, surtout que les cons\u00e9quences risquent d\u2019\u00eatre d\u00e9sastreuses pour le pais sociale..<\/span><\/strong><\/p>\n<p class=\"MsoNoSpacing c5\"><span class=\"c15\">\u00a0<\/span><\/p>\n<p class=\"MsoNoSpacing c5\"><strong class=\"c12\"><span class=\"c19\">Arrestation de 2 pr\u00e9sum\u00e9s terroristes<\/span><\/strong><\/p>\n<p class=\"MsoNoSpacing c5\"><span class=\"c15\">Les unit\u00e9s mixtes de la s\u00fbret\u00e9 \u00e0 Bizerte-ville ont arr\u00eat\u00e9, mardi, deux hommes suspect\u00e9s d&rsquo;appartenir \u00e0 une organisation terroriste, fait savoir \u00e0 l&rsquo;agence TAP une source polici\u00e8re.<\/span><\/p>\n<p class=\"MsoNoSpacing c5\"><span class=\"c15\">Les suspects, originaires du grand-Bizerte, travaillent dans le transport irr\u00e9gulier. Ils seraient en relation avec des \u00e9l\u00e9ments takfiristes via les r\u00e9seaux sociaux. La police a d\u00e9couvert chez l&rsquo;un d&rsquo;eux des messages \u00e9crits d&rsquo;un prisonnier incarc\u00e9r\u00e9 pour appartenance \u00e0 des organisations terroristes.<\/span><\/p>\n<p class=\"MsoNoSpacing c5\"><span class=\"c15\">L&rsquo;un des suspects a \u00e9t\u00e9 plac\u00e9 en garde \u00e0 vue, sur instruction du minist\u00e8re public. Le second est en instance de comparution.<\/span><\/p>\n<p class=\"MsoNoSpacing c18\"><span class=\"c16\"><span class=\"c7\">n<span class=\"c6\">\u00a0<\/span><\/span><\/span> <strong class=\"c3\"><span class=\"c17\">Cette vermine malfaisante n\u2019a pas de sentiments et a une haine av\u00e9r\u00e9e contre la totalit\u00e9 du peuple tunisien.<\/span><\/strong><\/p>\n<p>Auteur: letemps1<br \/>\n<a href=\"http:\/\/www.letemps.com.tn\/article\/113139\/de-partout\">Cliquez ici pour lire l&rsquo;article depuis sa source.<\/a><\/p>\n","protected":false},"excerpt":{"rendered":"<p>Riche palmar\u00e8s de l\u2019&rsquo;institution s\u00e9curitaire Le ministre de l&rsquo;Int\u00e9rieur Hichem M\u00e9chichi a indiqu\u00e9, hier, que l&rsquo;institution s\u00e9curitaire continue \u00e0 r\u00e9aliser des r\u00e9ussites dans le cadre de la lutte contre le terrorisme malgr\u00e9 les actions prioritaires \u00e0 traiter au cours de cette \u00e9tape visant \u00e0 endiguer la propagation du coronavirus. S&rsquo;exprimant au cours d&rsquo;une s\u00e9ance de [&hellip;]<\/p>\n","protected":false},"author":1773,"featured_media":0,"comment_status":"closed","ping_status":"closed","sticky":false,"template":"","format":"standard","meta":{"fifu_image_url":"","fifu_image_alt":"","footnotes":""},"categories":[73,55],"tags":[],"class_list":["post-83111","post","type-post","status-publish","format-standard","hentry","category-actualite","category-tunisie"],"_links":{"self":[{"href":"https:\/\/linitiative.ca\/International\/wp-json\/wp\/v2\/posts\/83111","targetHints":{"allow":["GET"]}}],"collection":[{"href":"https:\/\/linitiative.ca\/International\/wp-json\/wp\/v2\/posts"}],"about":[{"href":"https:\/\/linitiative.ca\/International\/wp-json\/wp\/v2\/types\/post"}],"author":[{"embeddable":true,"href":"https:\/\/linitiative.ca\/International\/wp-json\/wp\/v2\/users\/1773"}],"replies":[{"embeddable":true,"href":"https:\/\/linitiative.ca\/International\/wp-json\/wp\/v2\/comments?post=83111"}],"version-history":[{"count":0,"href":"https:\/\/linitiative.ca\/International\/wp-json\/wp\/v2\/posts\/83111\/revisions"}],"wp:attachment":[{"href":"https:\/\/linitiative.ca\/International\/wp-json\/wp\/v2\/media?parent=83111"}],"wp:term":[{"taxonomy":"category","embeddable":true,"href":"https:\/\/linitiative.ca\/International\/wp-json\/wp\/v2\/categories?post=83111"},{"taxonomy":"post_tag","embeddable":true,"href":"https:\/\/linitiative.ca\/International\/wp-json\/wp\/v2\/tags?post=83111"}],"curies":[{"name":"wp","href":"https:\/\/api.w.org\/{rel}","templated":true}]}}