{"id":83114,"date":"2020-04-22T15:01:56","date_gmt":"2020-04-22T19:01:56","guid":{"rendered":"https:\/\/linitiative.ca\/International\/ne-ressens-la-braise-que-celui-qui-marche-dessus\/"},"modified":"2020-04-22T15:01:56","modified_gmt":"2020-04-22T19:01:56","slug":"ne-ressens-la-braise-que-celui-qui-marche-dessus","status":"publish","type":"post","link":"https:\/\/linitiative.ca\/International\/ne-ressens-la-braise-que-celui-qui-marche-dessus\/","title":{"rendered":"\u00abNe ressens la braise  que celui qui marche dessus\u00bb"},"content":{"rendered":"<p>Un proverbe bien de chez nous qui retrace l\u2019attitude \u00e9go\u00efste de ceux qui n\u2019essaient jamais de se mettre \u00e0 la place qui souffrent ou qui ont un probl\u00e8me, et qui ne veulent m\u00eame pas lever le petit doigt pour eux. Ils oublient ou ne se rendent pas compte que nous avons toujours besoins les uns des autres.<br \/>\u00ab\u00a0Insens\u00e9s qui crois que je ne suis pas toi\u00a0!\u00a0\u00bb s\u2019est exclam\u00e9 Victor Hugo dans les contemplations<br \/>\u00a0<\/p>\n<p>Auteur: letemps1<br \/>\n<a href=\"http:\/\/www.letemps.com.tn\/article\/113143\/%C2%ABne-ressens-la-braise-que-celui-qui-marche-dessus%C2%BB\">Cliquez ici pour lire l&rsquo;article depuis sa source.<\/a><\/p>\n","protected":false},"excerpt":{"rendered":"<p>Un proverbe bien de chez nous qui retrace l\u2019attitude \u00e9go\u00efste de ceux qui n\u2019essaient jamais de se mettre \u00e0 la place qui souffrent ou qui ont un probl\u00e8me, et qui ne veulent m\u00eame pas lever le petit doigt pour eux. Ils oublient ou ne se rendent pas compte que nous avons toujours besoins les uns [&hellip;]<\/p>\n","protected":false},"author":1773,"featured_media":0,"comment_status":"closed","ping_status":"closed","sticky":false,"template":"","format":"standard","meta":{"fifu_image_url":"","fifu_image_alt":"","footnotes":""},"categories":[73,55],"tags":[],"class_list":["post-83114","post","type-post","status-publish","format-standard","hentry","category-actualite","category-tunisie"],"_links":{"self":[{"href":"https:\/\/linitiative.ca\/International\/wp-json\/wp\/v2\/posts\/83114","targetHints":{"allow":["GET"]}}],"collection":[{"href":"https:\/\/linitiative.ca\/International\/wp-json\/wp\/v2\/posts"}],"about":[{"href":"https:\/\/linitiative.ca\/International\/wp-json\/wp\/v2\/types\/post"}],"author":[{"embeddable":true,"href":"https:\/\/linitiative.ca\/International\/wp-json\/wp\/v2\/users\/1773"}],"replies":[{"embeddable":true,"href":"https:\/\/linitiative.ca\/International\/wp-json\/wp\/v2\/comments?post=83114"}],"version-history":[{"count":0,"href":"https:\/\/linitiative.ca\/International\/wp-json\/wp\/v2\/posts\/83114\/revisions"}],"wp:attachment":[{"href":"https:\/\/linitiative.ca\/International\/wp-json\/wp\/v2\/media?parent=83114"}],"wp:term":[{"taxonomy":"category","embeddable":true,"href":"https:\/\/linitiative.ca\/International\/wp-json\/wp\/v2\/categories?post=83114"},{"taxonomy":"post_tag","embeddable":true,"href":"https:\/\/linitiative.ca\/International\/wp-json\/wp\/v2\/tags?post=83114"}],"curies":[{"name":"wp","href":"https:\/\/api.w.org\/{rel}","templated":true}]}}