{"id":83115,"date":"2020-04-22T15:01:58","date_gmt":"2020-04-22T19:01:58","guid":{"rendered":"https:\/\/linitiative.ca\/International\/salade-pour-toutes-les-saisons\/"},"modified":"2020-04-22T15:01:58","modified_gmt":"2020-04-22T19:01:58","slug":"salade-pour-toutes-les-saisons","status":"publish","type":"post","link":"https:\/\/linitiative.ca\/International\/salade-pour-toutes-les-saisons\/","title":{"rendered":"Salade pour toutes les saisons"},"content":{"rendered":"<p>Ingr\u00e9dients<\/p>\n<p>&#8211; 400\u00a0g de crevette grise<br \/>&#8211; 200\u00a0g de saumon fum\u00e9<br \/>&#8211; 2\u00a0avocats<br \/>&#8211; 1\u00a0pomme\u00a0Granny<br \/>&#8211; Citron<br \/>&#8211; 1\u00a0tomate<br \/>&#8211; 3\u00a0\u0153ufs\u00a0durs<br \/>&#8211; 1\/2\u00a0paquet de roquette<br \/>&#8211; 100\u00a0g de fromage de ch\u00e8vre\u00a0(pav\u00e9)<br \/>&#8211; 200\u00a0g de p\u00e2tes\u00a0vermicelles<br \/>&#8211; 1\u00a0cube de bouillon\u00a0de l\u00e9gumes<br \/>&#8211; Poivre<br \/>&#8211; Sel<br \/>&#8211; Ciboulette<\/p>\n<p>Pr\u00e9paration<\/p>\n<p>Chauffer l\u2019eau avec le cube de bouillon et du sel.<br \/>D\u00e9poser les oeufs dans l\u2019eau encore froide.<br \/>Cuire les p\u00e2tes vermicelles en respectant le temps de cuisson. Egoutter, mettre un peu d\u2019huile d\u2019olive pour ne pas que \u00e7a colle, r\u00e9server au frigo.<br \/>Mettre les oeufs dans de l\u2019eau froide, puis au frigo.<br \/>Nettoyer l\u2019avocat, le couper en d\u00e9s pas trop gros. Arroser de la moiti\u00e9 de jus de citron.<br \/>Nettoyer la pomme, la couper en petits d\u00e9s. M\u00e9langer \u00e0 l\u2019avocat avec l\u2019autre moiti\u00e9 du jus de citron.<br \/>Couper les tomates. Couper le ch\u00e8vre en petits morceaux.<br \/>Ecaler les oeufs et les couper en petits d\u00e9s.<br \/>Quand les p\u00e2tes vermicelles et les oeufs sont froids, m\u00e9langer les crevettes, le saumon en fines lani\u00e8res et les autre ingr\u00e9dients.<br \/>Mettre au frigo et servir bien frais avec ou sans sauce ajout\u00e9e.<br \/>\u00a0<\/p>\n<p>Auteur: letemps1<br \/>\n<a href=\"http:\/\/www.letemps.com.tn\/article\/113144\/salade-pour-toutes-les-saisons\">Cliquez ici pour lire l&rsquo;article depuis sa source.<\/a><\/p>\n","protected":false},"excerpt":{"rendered":"<p>Ingr\u00e9dients &#8211; 400\u00a0g de crevette grise&#8211; 200\u00a0g de saumon fum\u00e9&#8211; 2\u00a0avocats&#8211; 1\u00a0pomme\u00a0Granny&#8211; Citron&#8211; 1\u00a0tomate&#8211; 3\u00a0\u0153ufs\u00a0durs&#8211; 1\/2\u00a0paquet de roquette&#8211; 100\u00a0g de fromage de ch\u00e8vre\u00a0(pav\u00e9)&#8211; 200\u00a0g de p\u00e2tes\u00a0vermicelles&#8211; 1\u00a0cube de bouillon\u00a0de l\u00e9gumes&#8211; Poivre&#8211; Sel&#8211; Ciboulette Pr\u00e9paration Chauffer l\u2019eau avec le cube de bouillon et du sel.D\u00e9poser les oeufs dans l\u2019eau encore froide.Cuire les p\u00e2tes vermicelles en respectant [&hellip;]<\/p>\n","protected":false},"author":1773,"featured_media":0,"comment_status":"closed","ping_status":"closed","sticky":false,"template":"","format":"standard","meta":{"fifu_image_url":"","fifu_image_alt":"","footnotes":""},"categories":[73,55],"tags":[],"class_list":["post-83115","post","type-post","status-publish","format-standard","hentry","category-actualite","category-tunisie"],"_links":{"self":[{"href":"https:\/\/linitiative.ca\/International\/wp-json\/wp\/v2\/posts\/83115","targetHints":{"allow":["GET"]}}],"collection":[{"href":"https:\/\/linitiative.ca\/International\/wp-json\/wp\/v2\/posts"}],"about":[{"href":"https:\/\/linitiative.ca\/International\/wp-json\/wp\/v2\/types\/post"}],"author":[{"embeddable":true,"href":"https:\/\/linitiative.ca\/International\/wp-json\/wp\/v2\/users\/1773"}],"replies":[{"embeddable":true,"href":"https:\/\/linitiative.ca\/International\/wp-json\/wp\/v2\/comments?post=83115"}],"version-history":[{"count":0,"href":"https:\/\/linitiative.ca\/International\/wp-json\/wp\/v2\/posts\/83115\/revisions"}],"wp:attachment":[{"href":"https:\/\/linitiative.ca\/International\/wp-json\/wp\/v2\/media?parent=83115"}],"wp:term":[{"taxonomy":"category","embeddable":true,"href":"https:\/\/linitiative.ca\/International\/wp-json\/wp\/v2\/categories?post=83115"},{"taxonomy":"post_tag","embeddable":true,"href":"https:\/\/linitiative.ca\/International\/wp-json\/wp\/v2\/tags?post=83115"}],"curies":[{"name":"wp","href":"https:\/\/api.w.org\/{rel}","templated":true}]}}