{"id":83116,"date":"2020-04-22T15:11:35","date_gmt":"2020-04-22T19:11:35","guid":{"rendered":"https:\/\/linitiative.ca\/International\/pros-omar-belbey-raconte-le-transfert-de-bennacer-a-arsenal\/"},"modified":"2020-04-22T15:11:35","modified_gmt":"2020-04-22T19:11:35","slug":"pros-omar-belbey-raconte-le-transfert-de-bennacer-a-arsenal","status":"publish","type":"post","link":"https:\/\/linitiative.ca\/International\/pros-omar-belbey-raconte-le-transfert-de-bennacer-a-arsenal\/","title":{"rendered":"Pros : Omar Belbey raconte le transfert de Bennacer \u00e0 Arsenal"},"content":{"rendered":"<div readability=\"32\">\n<p>Auteur : <span class=\"time\">mercredi 22 avril 2020 12:53<\/span><\/p>\n<\/div>\n<div id=\"post_core\" readability=\"48\">\n<p>Auparavant, l&rsquo;international alg\u00e9rien a \u00e9volu\u00e9 \u00e0 Empoli et a surtout fait ses classes \u00e0 Arsenal, o\u00f9 il arrive en 2015 en provenance d&rsquo;Arles-Avignon. A l&rsquo;\u00e9poque comme le raconte Omar Belbey pour 100filtre, Gilles Grimandi est averti de la pr\u00e9sence d&rsquo;un jeune joueur talentueux au club, et le fait finalement venir en essais :<\/p>\n<p>\u00ab\u00a0Des agents \u00e9taient venus me voir pour Isma\u00ebl, et m\u2019ont demand\u00e9 un coup de main.\u00a0\u00bb\u00a0raconte Belbey, Bennacer partant alors faire un essai peu concluant \u00e0 la Lazio Rome, \u00e0 17 ans. \u00ab\u00a0J\u2019ai appel\u00e9 Grimandi \u00e0 Arsenal.(\u2026) Je lui dis c\u2019est un petit qui est l\u00e0 \u00e0 Arles (\u2026) Il est gratuit, tu peux le prendre et le faire signer dans la foul\u00e9e. Pendant un mois je me suis battu contre le papa qui m\u2019appelait (\u2026) et je lui dis \u00ab\u00a0il faut que tu le mettes dans un club o\u00f9 il va progresser. (\u2026) Il a fait une semaine de tests avec les pro d&rsquo;Arsenal et Ars\u00e8ne Wenger lui a dit tu vas signer avec nous.\u00a0\u00bb Des propos relay\u00e9s par Onzemondial.<\/p>\n<p><strong>Publi\u00e9 dans :<\/strong> <span>Arsenal<\/span><\/p>\n<\/div>\n<p>Auteur:<br \/>\n<a href=\"http:\/\/www.lebuteur.com\/article\/detail?titre=omar-belbey-raconte-le-transfert-de-bennacer-a-arsenal&#038;id=95700&#038;utm_source=feedburner&#038;utm_medium=feed&#038;utm_campaign=Feed%3A+GalerieFArtciles+%28Les+derniers+articles++-+lebuteur.com%29\">Cliquez ici pour lire l&rsquo;article depuis sa source.<\/a><\/p>\n","protected":false},"excerpt":{"rendered":"<p>Auteur : mercredi 22 avril 2020 12:53 Auparavant, l&rsquo;international alg\u00e9rien a \u00e9volu\u00e9 \u00e0 Empoli et a surtout fait ses classes \u00e0 Arsenal, o\u00f9 il arrive en 2015 en provenance d&rsquo;Arles-Avignon. A l&rsquo;\u00e9poque comme le raconte Omar Belbey pour 100filtre, Gilles Grimandi est averti de la pr\u00e9sence d&rsquo;un jeune joueur talentueux au club, et le fait [&hellip;]<\/p>\n","protected":false},"author":1738,"featured_media":83117,"comment_status":"closed","ping_status":"closed","sticky":false,"template":"","format":"standard","meta":{"fifu_image_url":"","fifu_image_alt":"","footnotes":""},"categories":[53,75],"tags":[],"class_list":["post-83116","post","type-post","status-publish","format-standard","has-post-thumbnail","hentry","category-algerie","category-sport"],"_links":{"self":[{"href":"https:\/\/linitiative.ca\/International\/wp-json\/wp\/v2\/posts\/83116","targetHints":{"allow":["GET"]}}],"collection":[{"href":"https:\/\/linitiative.ca\/International\/wp-json\/wp\/v2\/posts"}],"about":[{"href":"https:\/\/linitiative.ca\/International\/wp-json\/wp\/v2\/types\/post"}],"author":[{"embeddable":true,"href":"https:\/\/linitiative.ca\/International\/wp-json\/wp\/v2\/users\/1738"}],"replies":[{"embeddable":true,"href":"https:\/\/linitiative.ca\/International\/wp-json\/wp\/v2\/comments?post=83116"}],"version-history":[{"count":0,"href":"https:\/\/linitiative.ca\/International\/wp-json\/wp\/v2\/posts\/83116\/revisions"}],"wp:featuredmedia":[{"embeddable":true,"href":"https:\/\/linitiative.ca\/International\/wp-json\/"}],"wp:attachment":[{"href":"https:\/\/linitiative.ca\/International\/wp-json\/wp\/v2\/media?parent=83116"}],"wp:term":[{"taxonomy":"category","embeddable":true,"href":"https:\/\/linitiative.ca\/International\/wp-json\/wp\/v2\/categories?post=83116"},{"taxonomy":"post_tag","embeddable":true,"href":"https:\/\/linitiative.ca\/International\/wp-json\/wp\/v2\/tags?post=83116"}],"curies":[{"name":"wp","href":"https:\/\/api.w.org\/{rel}","templated":true}]}}