{"id":83118,"date":"2020-04-22T15:11:38","date_gmt":"2020-04-22T19:11:38","guid":{"rendered":"https:\/\/linitiative.ca\/International\/afrique-coronavirus-la-faf-et-les-federations-vont-beneficier-dun-fonds-daide-de-la-fifa\/"},"modified":"2020-04-22T15:11:38","modified_gmt":"2020-04-22T19:11:38","slug":"afrique-coronavirus-la-faf-et-les-federations-vont-beneficier-dun-fonds-daide-de-la-fifa","status":"publish","type":"post","link":"https:\/\/linitiative.ca\/International\/afrique-coronavirus-la-faf-et-les-federations-vont-beneficier-dun-fonds-daide-de-la-fifa\/","title":{"rendered":"Afrique : Coronavirus : La FAF et les f\u00e9d\u00e9rations vont b\u00e9n\u00e9ficier d&rsquo;un fonds d&rsquo;aide de la FIFA"},"content":{"rendered":"<div readability=\"32\">\n<p>Auteur : <span class=\"time\">mercredi 22 avril 2020 13:55<\/span><\/p>\n<\/div>\n<div id=\"post_core\" readability=\"43\">\n<p>Ce Skype Meeting a r\u00e9uni les repr\u00e9sentants de la FIFA ainsi que les premiers responsables de la zone UNAF dont M. Khireddine Zetchi, pr\u00e9sident de la FAF.<\/p>\n<p>Comme indiqu\u00e9 sur le site de la FAF, l&rsquo;instance internationale a rassur\u00e9 les associations de son aide et de son accompagnement, avec comme premi\u00e8res mesures la cr\u00e9ation d\u2019un fonds d\u2019aide li\u00e9 \u00e0 COVID-19 et une lib\u00e9ration de la quote-part relative au programme Forward 2.0.<\/p>\n<p>De nouvelles d\u00e9cisions seront prises dans les jours \u00e0 venir afin de faire face \u00e0 cette crise du coronavirus.<\/p>\n<p><strong>Publi\u00e9 dans :<\/strong> <span>faf<\/span><\/p>\n<\/div>\n<p>Auteur:<br \/>\n<a href=\"http:\/\/www.lebuteur.com\/article\/detail?titre=coronavirus-la-faf-et-les-federations-vont-beneficier-dun-fonds-daide-de-la-fifa&#038;id=95701&#038;utm_source=feedburner&#038;utm_medium=feed&#038;utm_campaign=Feed%3A+GalerieFArtciles+%28Les+derniers+articles++-+lebuteur.com%29\">Cliquez ici pour lire l&rsquo;article depuis sa source.<\/a><\/p>\n","protected":false},"excerpt":{"rendered":"<p>Auteur : mercredi 22 avril 2020 13:55 Ce Skype Meeting a r\u00e9uni les repr\u00e9sentants de la FIFA ainsi que les premiers responsables de la zone UNAF dont M. Khireddine Zetchi, pr\u00e9sident de la FAF. Comme indiqu\u00e9 sur le site de la FAF, l&rsquo;instance internationale a rassur\u00e9 les associations de son aide et de son accompagnement, [&hellip;]<\/p>\n","protected":false},"author":1738,"featured_media":83119,"comment_status":"closed","ping_status":"closed","sticky":false,"template":"","format":"standard","meta":{"fifu_image_url":"","fifu_image_alt":"","footnotes":""},"categories":[53,75],"tags":[],"class_list":["post-83118","post","type-post","status-publish","format-standard","has-post-thumbnail","hentry","category-algerie","category-sport"],"_links":{"self":[{"href":"https:\/\/linitiative.ca\/International\/wp-json\/wp\/v2\/posts\/83118","targetHints":{"allow":["GET"]}}],"collection":[{"href":"https:\/\/linitiative.ca\/International\/wp-json\/wp\/v2\/posts"}],"about":[{"href":"https:\/\/linitiative.ca\/International\/wp-json\/wp\/v2\/types\/post"}],"author":[{"embeddable":true,"href":"https:\/\/linitiative.ca\/International\/wp-json\/wp\/v2\/users\/1738"}],"replies":[{"embeddable":true,"href":"https:\/\/linitiative.ca\/International\/wp-json\/wp\/v2\/comments?post=83118"}],"version-history":[{"count":0,"href":"https:\/\/linitiative.ca\/International\/wp-json\/wp\/v2\/posts\/83118\/revisions"}],"wp:featuredmedia":[{"embeddable":true,"href":"https:\/\/linitiative.ca\/International\/wp-json\/"}],"wp:attachment":[{"href":"https:\/\/linitiative.ca\/International\/wp-json\/wp\/v2\/media?parent=83118"}],"wp:term":[{"taxonomy":"category","embeddable":true,"href":"https:\/\/linitiative.ca\/International\/wp-json\/wp\/v2\/categories?post=83118"},{"taxonomy":"post_tag","embeddable":true,"href":"https:\/\/linitiative.ca\/International\/wp-json\/wp\/v2\/tags?post=83118"}],"curies":[{"name":"wp","href":"https:\/\/api.w.org\/{rel}","templated":true}]}}