{"id":83122,"date":"2020-04-22T15:11:43","date_gmt":"2020-04-22T19:11:43","guid":{"rendered":"https:\/\/linitiative.ca\/International\/international-barca-les-cadres-ont-donne-a-neymar-leurs-conditions-pour-un-retour\/"},"modified":"2020-04-22T15:11:43","modified_gmt":"2020-04-22T19:11:43","slug":"international-barca-les-cadres-ont-donne-a-neymar-leurs-conditions-pour-un-retour","status":"publish","type":"post","link":"https:\/\/linitiative.ca\/International\/international-barca-les-cadres-ont-donne-a-neymar-leurs-conditions-pour-un-retour\/","title":{"rendered":"International : Bar\u00e7a : Les cadres ont donn\u00e9 \u00e0 Neymar leurs conditions pour un retour !"},"content":{"rendered":"<div readability=\"32\">\n<p>Auteur : <span class=\"time\">mercredi 22 avril 2020 17:15<\/span><\/p>\n<\/div>\n<div id=\"post_core\" readability=\"54\">\n<p>Le Bar\u00e7a est pr\u00eat \u00e0 repartir \u00e0 la charge pour rapatrier la star du Paris Saint-Germain. Mais selon Les-Transferts, les catalans pensent que le prochain mercato sera certainement la derni\u00e8re occasion pour faire revenir le Br\u00e9silien de 28 ans. Josep Maria\u00a0Bartomeu devrait se charger personnellement des n\u00e9gociations avec le PSG. Pour l\u2019aspect sportif et marketing, Neymar est la priorit\u00e9 du pr\u00e9sident catalan qui quittera son poste\u00a0en 2021. Et rien ne dit que les prochains candidats aux \u00e9lections du club souhaiteront aussi le rapatriement de celui qui forc\u00e9 son d\u00e9part en 2017.<\/p>\n<p>Cependant la direction a d\u00e9j\u00e0 entam\u00e9 s\u00e9rieusement les n\u00e9gociations avec Neymar concernant et lui aurait donn\u00e9 les conditions de son retour.\u00a0Le Bar\u00e7a aura besoin d\u2019un sacrifice de sa part apr\u00e8s l\u2019impact \u00e9conomique du Covid-19. Neymar\u00a0per\u00e7oit 50 millions d\u2019euros \u00e0 Paris (bonus compris) et au Bar\u00e7a, il ne pourrait avoir que la moiti\u00e9. Le club et le joueur se sont mis d\u2019accord sur le fait qu\u2019il reviendrait en touchant ce qu\u2019il recevait avant de quitter la Catalogne.<\/p>\n<p>En plus de l\u2019aspect financier, plusieurs cadres du vestiaire, avec qui il continue d\u2019avoir de tr\u00e8s bonnes relations, ont promis \u00e0 Neymar de d\u00e9fendre publiquement leur comp\u00e8re pour appuyer son retour. En \u00e9change, les poids lourds de l\u2019\u00e9quipe veulent que le Br\u00e9silien\u00a0change son attitude en dehors du terrain en se montrant beaucoup plus professionnel qu\u2019il ne l\u2019est au PSG.<\/p>\n<p><strong>Publi\u00e9 dans :<\/strong> <span>bar\u00e7a<\/span> <span>neymar<\/span><\/p>\n<\/div>\n<p>Auteur:<br \/>\n<a href=\"http:\/\/www.lebuteur.com\/article\/detail?titre=barca-les-cadres-ont-donne-a-neymar-leurs-conditions-pour-un-retour&#038;id=95703&#038;utm_source=feedburner&#038;utm_medium=feed&#038;utm_campaign=Feed%3A+GalerieFArtciles+%28Les+derniers+articles++-+lebuteur.com%29\">Cliquez ici pour lire l&rsquo;article depuis sa source.<\/a><\/p>\n","protected":false},"excerpt":{"rendered":"<p>Auteur : mercredi 22 avril 2020 17:15 Le Bar\u00e7a est pr\u00eat \u00e0 repartir \u00e0 la charge pour rapatrier la star du Paris Saint-Germain. Mais selon Les-Transferts, les catalans pensent que le prochain mercato sera certainement la derni\u00e8re occasion pour faire revenir le Br\u00e9silien de 28 ans. Josep Maria\u00a0Bartomeu devrait se charger personnellement des n\u00e9gociations avec [&hellip;]<\/p>\n","protected":false},"author":1738,"featured_media":83123,"comment_status":"closed","ping_status":"closed","sticky":false,"template":"","format":"standard","meta":{"fifu_image_url":"","fifu_image_alt":"","footnotes":""},"categories":[53,75],"tags":[],"class_list":["post-83122","post","type-post","status-publish","format-standard","has-post-thumbnail","hentry","category-algerie","category-sport"],"_links":{"self":[{"href":"https:\/\/linitiative.ca\/International\/wp-json\/wp\/v2\/posts\/83122","targetHints":{"allow":["GET"]}}],"collection":[{"href":"https:\/\/linitiative.ca\/International\/wp-json\/wp\/v2\/posts"}],"about":[{"href":"https:\/\/linitiative.ca\/International\/wp-json\/wp\/v2\/types\/post"}],"author":[{"embeddable":true,"href":"https:\/\/linitiative.ca\/International\/wp-json\/wp\/v2\/users\/1738"}],"replies":[{"embeddable":true,"href":"https:\/\/linitiative.ca\/International\/wp-json\/wp\/v2\/comments?post=83122"}],"version-history":[{"count":0,"href":"https:\/\/linitiative.ca\/International\/wp-json\/wp\/v2\/posts\/83122\/revisions"}],"wp:featuredmedia":[{"embeddable":true,"href":"https:\/\/linitiative.ca\/International\/wp-json\/"}],"wp:attachment":[{"href":"https:\/\/linitiative.ca\/International\/wp-json\/wp\/v2\/media?parent=83122"}],"wp:term":[{"taxonomy":"category","embeddable":true,"href":"https:\/\/linitiative.ca\/International\/wp-json\/wp\/v2\/categories?post=83122"},{"taxonomy":"post_tag","embeddable":true,"href":"https:\/\/linitiative.ca\/International\/wp-json\/wp\/v2\/tags?post=83122"}],"curies":[{"name":"wp","href":"https:\/\/api.w.org\/{rel}","templated":true}]}}