{"id":83127,"date":"2020-04-22T15:16:37","date_gmt":"2020-04-22T19:16:37","guid":{"rendered":"https:\/\/linitiative.ca\/International\/auteurs-des-fake-news-nouvelles-dispositions-penales-pour-combler-un-vide-juridique\/"},"modified":"2020-04-22T15:16:37","modified_gmt":"2020-04-22T19:16:37","slug":"auteurs-des-fake-news-nouvelles-dispositions-penales-pour-combler-un-vide-juridique","status":"publish","type":"post","link":"https:\/\/linitiative.ca\/International\/auteurs-des-fake-news-nouvelles-dispositions-penales-pour-combler-un-vide-juridique\/","title":{"rendered":"Auteurs des fake news : Nouvelles dispositions p\u00e9nales pour combler un vide juridique"},"content":{"rendered":"<p>L\u2019incrimination de la diffusion et la propagation de fausses nouvelles (fake news), disposition phare introduite dans le Code p\u00e9nal actuellement d\u00e9battu \u00e0 l&rsquo;Assembl\u00e9e populaire nationale (APN), vient combler un vide juridique, responsabiliser les auteurs et adapter le cadre juridique national \u00e0 l\u2019\u00e9volution de la soci\u00e9t\u00e9, notamment en termes d\u2019usage des r\u00e9seaux sociaux et autres outils de communication \u00e9lectroniques, soutiennent les concepteurs du texte. Avec ces nouveaux amendements du Code p\u00e9nal, adopt\u00e9s dimanche dernier lors du Conseil des ministres pr\u00e9sid\u00e9 par le pr\u00e9sident de la R\u00e9publique, Abdelmadjid Tebboune, l\u2019Alg\u00e9rie, \u00e0 l\u2019instar de plusieurs autres pays, aura, estime-t-on, une l\u00e9gislation claire \u00absans zones d\u2019ombre\u00bb pour lutter contre la propagation des fake news et toutes sortes de tentatives de d\u00e9sinformation qui risquent de troubler la vie des citoyens, de menacer la s\u00e9curit\u00e9 et la stabilit\u00e9 du pays, de porter atteinte \u00e0 l\u2019ordre et \u00e0 la s\u00e9curit\u00e9 publics et, dans certains cas, m\u00eame \u00e0 la s\u00fbret\u00e9 de l\u2019Etat et \u00e0 l\u2019unit\u00e9 nationale.<br \/>Le ministre de la Communication, porte-parole du gouvernement, Ammar Belhimer, avait affirm\u00e9, dans de pr\u00e9c\u00e9dentes d\u00e9clarations faites \u00e0 la presse en marge de ses activit\u00e9s, que la lutte contre les fake news exigeait \u00abune conjugaison des efforts de tout un chacun, notamment des techniciens et des juristes\u00bb, pour adapter les lois aux nouveaut\u00e9s techniques et technologiques.<br \/>Il avait indiqu\u00e9 que ce ph\u00e9nom\u00e8ne s&rsquo;\u00e9tait amplifi\u00e9 \u00abavec l&rsquo;usage du web\u00bb par \u00abcertains individus\u00bb dans le but, entre autres, de \u00abnuire \u00e0 la vie priv\u00e9e d&rsquo;autrui\u00bb. A chaque \u00e9v\u00e8nement politique, crise ou situation exceptionnelle, des informations sans cr\u00e9dibilit\u00e9 aucune, ni source fiable, sont publi\u00e9es et relay\u00e9es \u00e0 travers les r\u00e9seaux sociaux. La pand\u00e9mie du Covid-19 par exemple n\u2019y a pas \u00e9chapp\u00e9 avec la publication \u00e0 tort et \u00e0 travers de chiffres erron\u00e9s sur les cas de d\u00e9c\u00e8s et la disponibilit\u00e9 du mat\u00e9riel de protection sanitaire, tout comme ces rumeurs annon\u00e7ant une crise alimentaire ou la p\u00e9nurie de carburant dans les stations-services.<br \/>Samedi dernier, les services de la s\u00fbret\u00e9 de wilaya de Blida ont annonc\u00e9 qu\u2019ils ont trait\u00e9 huit affaires li\u00e9es \u00e0 la diffusion de rumeurs, outrages et incitations contre les institutions de l\u2019Etat, via les r\u00e9seaux sociaux, depuis le d\u00e9but du confinement total impos\u00e9 \u00e0 la wilaya, le 24 mars dernier, dans le cadre de la lutte contre la propagation du Covid-19. Ces personnes dont les actes ont agit\u00e9 l\u2019opinion publique, ont \u00e9t\u00e9 pr\u00e9sent\u00e9es aupr\u00e8s des autorit\u00e9s judiciaires comp\u00e9tentes. Parmi elles, un facebookeur avait mis en ligne, en utilisant un pseudonyme, une vid\u00e9o dans laquelle il est pr\u00e9tendu que le minist\u00e8re de la Sant\u00e9 interdit aux pharmaciens de vendre des gants et des masques aux citoyens. D\u2019autres ont diffus\u00e9 des rumeurs accusant les autorit\u00e9s locales de n\u00e9gligence dans la gestion de la crise sanitaire travers\u00e9e par la wilaya, dont notamment la DGSN et le wali. Pareil cas \u00e0 M\u2019sila o\u00f9 le magistrat pr\u00e8s le tribunal de Boussa\u00e2da a plac\u00e9 sous contr\u00f4le judiciaire un individu \u00e2g\u00e9 de 30 ans pour publication sur un r\u00e9seau social d\u2019un faux communiqu\u00e9 englobant des statistiques erron\u00e9es sur la pand\u00e9mie du Covid-19 dans la wilaya.<br \/>M\u00eame l\u2019Arm\u00e9e nationale populaire (ANP) n\u2019a pas \u00e9t\u00e9 \u00e9pargn\u00e9e par certains sites \u00e9lectroniques et autres r\u00e9seaux sociaux qui ont diffus\u00e9 vendredi dernier des rumeurs concernant de pr\u00e9tendus limogeages et arrestations d&rsquo;un nombre de chefs de structures centrales et de cadres sup\u00e9rieurs au sein de l&rsquo;ANP. Ces rumeurs ont \u00e9t\u00e9 d\u00e9menties \u00abcat\u00e9goriquement\u00bb par le minist\u00e8re de la D\u00e9fense nationale en les qualifiant d\u2019\u00aball\u00e9gations tendancieuses colport\u00e9es par des porte-voix et des parties malintentionn\u00e9es qui n&rsquo;ont pas dig\u00e9r\u00e9 les changements initi\u00e9s par le pr\u00e9sident de la R\u00e9publique, chef supr\u00eame des Forces arm\u00e9es, ministre de la D\u00e9fense nationale, tentant vainement de semer la confusion et le trouble au sein des rangs de l&rsquo;ANP, qui demeurera \u00e0 jamais le rempart imp\u00e9n\u00e9trable qui pr\u00e9serve notre patrie des complots et des conspirations\u00bb.<br \/>Le minist\u00e8re a d\u00e9nonc\u00e9 \u00abavec force ce genre de pratiques abjectes\u00bb, affirmant qu\u2019il \u00absaura engager les actions l\u00e9gales requises pour pr\u00e9senter les instigateurs de ces campagnes devant la justice, afin de mettre un terme \u00e0 ces d\u00e9sinformations et manipulations de l\u2019opinion publique\u00bb.<br \/>Pour pr\u00e9venir toute autre rumeur sur la non-disponibilit\u00e9 du carburant au niveau des stations-services, l\u2019Entreprise nationale de commercialisation et de distribution de produits p\u00e9troliers (Naftal) a pr\u00e9f\u00e9r\u00e9 rassurer, dans un communiqu\u00e9, les citoyens de la disponibilit\u00e9 permanente de tous les produits p\u00e9troliers au niveau du r\u00e9seau des stations-services, \u00e0 travers l&rsquo;ensemble du territoire national.<\/p>\n<p>Auteur: elmoudjahid<br \/>\n<a href=\"http:\/\/www.elmoudjahid.com\/fr\/actualites\/152014\">Cliquez ici pour lire l&rsquo;article depuis sa source.<\/a><\/p>\n","protected":false},"excerpt":{"rendered":"<p>L\u2019incrimination de la diffusion et la propagation de fausses nouvelles (fake news), disposition phare introduite dans le Code p\u00e9nal actuellement d\u00e9battu \u00e0 l&rsquo;Assembl\u00e9e populaire nationale (APN), vient combler un vide juridique, responsabiliser les auteurs et adapter le cadre juridique national \u00e0 l\u2019\u00e9volution de la soci\u00e9t\u00e9, notamment en termes d\u2019usage des r\u00e9seaux sociaux et autres outils [&hellip;]<\/p>\n","protected":false},"author":1744,"featured_media":0,"comment_status":"closed","ping_status":"closed","sticky":false,"template":"","format":"standard","meta":{"fifu_image_url":"","fifu_image_alt":"","footnotes":""},"categories":[73,53],"tags":[],"class_list":["post-83127","post","type-post","status-publish","format-standard","hentry","category-actualite","category-algerie"],"_links":{"self":[{"href":"https:\/\/linitiative.ca\/International\/wp-json\/wp\/v2\/posts\/83127","targetHints":{"allow":["GET"]}}],"collection":[{"href":"https:\/\/linitiative.ca\/International\/wp-json\/wp\/v2\/posts"}],"about":[{"href":"https:\/\/linitiative.ca\/International\/wp-json\/wp\/v2\/types\/post"}],"author":[{"embeddable":true,"href":"https:\/\/linitiative.ca\/International\/wp-json\/wp\/v2\/users\/1744"}],"replies":[{"embeddable":true,"href":"https:\/\/linitiative.ca\/International\/wp-json\/wp\/v2\/comments?post=83127"}],"version-history":[{"count":0,"href":"https:\/\/linitiative.ca\/International\/wp-json\/wp\/v2\/posts\/83127\/revisions"}],"wp:attachment":[{"href":"https:\/\/linitiative.ca\/International\/wp-json\/wp\/v2\/media?parent=83127"}],"wp:term":[{"taxonomy":"category","embeddable":true,"href":"https:\/\/linitiative.ca\/International\/wp-json\/wp\/v2\/categories?post=83127"},{"taxonomy":"post_tag","embeddable":true,"href":"https:\/\/linitiative.ca\/International\/wp-json\/wp\/v2\/tags?post=83127"}],"curies":[{"name":"wp","href":"https:\/\/api.w.org\/{rel}","templated":true}]}}