{"id":83128,"date":"2020-04-22T15:16:40","date_gmt":"2020-04-22T19:16:40","guid":{"rendered":"https:\/\/linitiative.ca\/International\/5e-conference-mondiale-des-presidents-de-parlement-m-chenine-participe-a-la-reunion-du-comite-preparatoire\/"},"modified":"2020-04-22T15:16:40","modified_gmt":"2020-04-22T19:16:40","slug":"5e-conference-mondiale-des-presidents-de-parlement-m-chenine-participe-a-la-reunion-du-comite-preparatoire","status":"publish","type":"post","link":"https:\/\/linitiative.ca\/International\/5e-conference-mondiale-des-presidents-de-parlement-m-chenine-participe-a-la-reunion-du-comite-preparatoire\/","title":{"rendered":"5e conf\u00e9rence mondiale des pr\u00e9sidents de parlement : M. Chenine participe \u00e0 la r\u00e9union du comit\u00e9 pr\u00e9paratoire"},"content":{"rendered":"<p>Le pr\u00e9sident de l&rsquo;Assembl\u00e9e populaire nationale (APN), Slimane Chenine a particip\u00e9 mardi par visioconf\u00e9rence \u00e0 la troisi\u00e8me r\u00e9union du comit\u00e9 pr\u00e9paratoire de la 5e Conf\u00e9rence mondiale des pr\u00e9sidents de Parlement pr\u00e9vue du 19 au 21 ao\u00fbt prochain en Autriche, a indiqu\u00e9 un communiqu\u00e9 de la chambre basse du parlement.<br \/>Regroupant vingt-deux pays, la r\u00e9union a \u00e9t\u00e9 l&rsquo;occasion pour \u00abd\u00e9battre de l&rsquo;ordre du jour de la conf\u00e9rence et du projet de la d\u00e9claration finale que l&rsquo;Alg\u00e9rie a enrichi avec neuf propositions et modifications li\u00e9es \u00e0 l&rsquo;importance de la solidarit\u00e9 internationale et l&rsquo;action parlementaire commune dans\u2008un contexte mondial exceptionnel marqu\u00e9 par la pand\u00e9mie Covid-19 et les mutations que connaitront les relations internationales\u00bb, a pr\u00e9cis\u00e9 la m\u00eame source.<br \/>\u00abPr\u00e9sent\u00e9e et d\u00e9taill\u00e9e par M. Chenine, la proposition alg\u00e9rienne appelle \u00e0 la r\u00e9vision des priorit\u00e9s de l&rsquo;action parlementaire commune\u00bb, entre autres \u00able droit d&rsquo;acc\u00e8s aux soins pendant les crises, la diffusion de la culture du vivre-ensemble\u00a0 en paix, la promotion de l&rsquo;action multilat\u00e9rale pr\u00e9servant la souverainet\u00e9 des pays ainsi que la paix, la s\u00e9curit\u00e9 et la prosp\u00e9rit\u00e9 tout en renfor\u00e7ant la solidarit\u00e9 entre les peuples du monde\u00bb.<br \/>\u00a0<\/p>\n<p>Auteur: elmoudjahid<br \/>\n<a href=\"http:\/\/www.elmoudjahid.com\/fr\/actualites\/152015\">Cliquez ici pour lire l&rsquo;article depuis sa source.<\/a><\/p>\n","protected":false},"excerpt":{"rendered":"<p>Le pr\u00e9sident de l&rsquo;Assembl\u00e9e populaire nationale (APN), Slimane Chenine a particip\u00e9 mardi par visioconf\u00e9rence \u00e0 la troisi\u00e8me r\u00e9union du comit\u00e9 pr\u00e9paratoire de la 5e Conf\u00e9rence mondiale des pr\u00e9sidents de Parlement pr\u00e9vue du 19 au 21 ao\u00fbt prochain en Autriche, a indiqu\u00e9 un communiqu\u00e9 de la chambre basse du parlement.Regroupant vingt-deux pays, la r\u00e9union a \u00e9t\u00e9 [&hellip;]<\/p>\n","protected":false},"author":1744,"featured_media":0,"comment_status":"closed","ping_status":"closed","sticky":false,"template":"","format":"standard","meta":{"fifu_image_url":"","fifu_image_alt":"","footnotes":""},"categories":[73,53],"tags":[],"class_list":["post-83128","post","type-post","status-publish","format-standard","hentry","category-actualite","category-algerie"],"_links":{"self":[{"href":"https:\/\/linitiative.ca\/International\/wp-json\/wp\/v2\/posts\/83128","targetHints":{"allow":["GET"]}}],"collection":[{"href":"https:\/\/linitiative.ca\/International\/wp-json\/wp\/v2\/posts"}],"about":[{"href":"https:\/\/linitiative.ca\/International\/wp-json\/wp\/v2\/types\/post"}],"author":[{"embeddable":true,"href":"https:\/\/linitiative.ca\/International\/wp-json\/wp\/v2\/users\/1744"}],"replies":[{"embeddable":true,"href":"https:\/\/linitiative.ca\/International\/wp-json\/wp\/v2\/comments?post=83128"}],"version-history":[{"count":0,"href":"https:\/\/linitiative.ca\/International\/wp-json\/wp\/v2\/posts\/83128\/revisions"}],"wp:attachment":[{"href":"https:\/\/linitiative.ca\/International\/wp-json\/wp\/v2\/media?parent=83128"}],"wp:term":[{"taxonomy":"category","embeddable":true,"href":"https:\/\/linitiative.ca\/International\/wp-json\/wp\/v2\/categories?post=83128"},{"taxonomy":"post_tag","embeddable":true,"href":"https:\/\/linitiative.ca\/International\/wp-json\/wp\/v2\/tags?post=83128"}],"curies":[{"name":"wp","href":"https:\/\/api.w.org\/{rel}","templated":true}]}}