{"id":83129,"date":"2020-04-22T15:16:43","date_gmt":"2020-04-22T19:16:43","guid":{"rendered":"https:\/\/linitiative.ca\/International\/ramadhan-les-medias-audiovisuels-appeles-a-adapter-leur-grille-de-programme\/"},"modified":"2020-04-22T15:16:43","modified_gmt":"2020-04-22T19:16:43","slug":"ramadhan-les-medias-audiovisuels-appeles-a-adapter-leur-grille-de-programme","status":"publish","type":"post","link":"https:\/\/linitiative.ca\/International\/ramadhan-les-medias-audiovisuels-appeles-a-adapter-leur-grille-de-programme\/","title":{"rendered":"Ramadhan :  les m\u00e9dias audiovisuels appel\u00e9s \u00e0 adapter leur grille de programme"},"content":{"rendered":"<p>L&rsquo;Autorit\u00e9 de r\u00e9gulation de l\u2019audiovisuel (ARAV) a rappel\u00e9, hier, les diff\u00e9rents m\u00e9dias audiovisuels (publics et priv\u00e9s) sur la n\u00e9cessit\u00e9 de respecter l'\u00a0\u00bb\u00e9thique et la d\u00e9ontologie\u00a0\u00bb dans l\u2019accomplissement de leur mission en ce mois de je\u00fbne, tout en poursuivant leurs efforts \u00e0 encourager les citoyens \u00e0 respecter les diff\u00e9rentes consignes sanitaires pour mettre fin \u00e0 la crise du coronavirus. Le communiqu\u00e9 cosign\u00e9 par le pr\u00e9sident de l&rsquo;ARAV, Mohamed Louber et le ministre de la Communication, porte-parole du gouvernement, Amar Belhimer, \u00e0 la veille du mois sacr\u00e9 du Ramadan, insiste sur l&rsquo;importance des diff\u00e9rents m\u00e9dias audiovisuels, publics et priv\u00e9s \u00e0 respecter l'\u00a0\u00bb\u00e9thique et la d\u00e9ontologie dans l\u2019accomplissement de leur mission en ce mois de je\u00fbne\u00a0\u00bb, et \u00ab\u00a0faire preuve de professionnalisme, favorisant ainsi l\u2019int\u00e9r\u00eat g\u00e9n\u00e9ral qui pr\u00e9vaut sur l\u2019int\u00e9r\u00eat personnel\u00a0\u00bb. Il appelle au respect des valeurs nationales, religieuses et socioculturelles qui demeure \u00ab\u00a0primordial\u00a0\u00bb en ce mois le je\u00fbne et d\u2019abstinence, les invitant \u00e0 adapter leurs programmes \u00e0 l\u2019occasion, en \u00e9vitant les violences \u00e0 l\u2019\u00e9cran, les publicit\u00e9s mensong\u00e8res, et en assurant un service public de qualit\u00e9. \u00ab\u00a0Nous sommes \u00e0 la veille du mois de Ramadhan, un mois saint qui implique pour les musulmans des changements importants dans leur mode de vie, particuli\u00e8rement en ce qui concerne le devoir spirituel, les habitudes alimentaires et les pratiques sociales dont le rapport \u00e0 la communication audiovisuelle, singuli\u00e8rement la t\u00e9l\u00e9vision, constitue un segment essentiel\u00a0\u00bb, pr\u00e9cise le communiqu\u00e9. \u00ab\u00a0Il importe en cons\u00e9quence d\u2019attirer l\u2019attention des diff\u00e9rents medias audiovisuels (publics et priv\u00e9s) sur la n\u00e9cessit\u00e9 d\u2019adapter leur grille de programme aux exigences qu\u2019imposent les modifications comportementales de nos concitoyens durant cette p\u00e9riode sacr\u00e9e\u00a0\u00bb, ajoute la m\u00eame source. Par ailleurs, la m\u00eame source rappelle que dans un pr\u00e9c\u00e9dent communiqu\u00e9, l\u2019ARAV avait rendu publiques quelques consignes de s\u00e9curit\u00e9 sanitaire concernant la pand\u00e9mie que traverse le monde, y compris l&rsquo;Alg\u00e9rie et la couverture m\u00e9diatique requise en ces circonstances. A cet effet, le communiqu\u00e9 commun tient \u00e0 saluer \u00ab\u00a0l&rsquo;effort et la responsabilit\u00e9 dont ont fait preuve les diff\u00e9rents m\u00e9dias publics et priv\u00e9s qui ont vite affich\u00e9 leur\u2008disponibilit\u00e9 et ont accompagn\u00e9 les efforts fournis par l\u2019Etat alg\u00e9rien pour faire face \u00e0 cette pand\u00e9mie du COVID-19\u00a0\u00bb.<br \/>Il rend, par la m\u00eame occasion, un \u00ab\u00a0hommage\u00a0\u00bb aux femmes et aux hommes du personnel de la sant\u00e9 ainsi qu&rsquo;aux diff\u00e9rents fonctionnaires qui sont \u00ab\u00a0au front et qui contribuent efficacement \u00e0 combattre ce fl\u00e9au\u00a0\u00bb. La m\u00eame source note en outre, que de par sa position actuelle, l&rsquo;ARAV, qui op\u00e8re en coordination avec le minist\u00e8re de la Communication conform\u00e9ment aux lois en vigueur, compte sur \u00ab\u00a0le sens de la discipline, de la rigueur et du respect des lois dans le secteur de l\u2019audiovisuel\u00a0\u00bb. Elle tient \u00e0 ce que les diff\u00e9rents acteurs de ce m\u00eame secteur agissent avec \u00ab\u00a0sagesse et responsabilit\u00e9 en encourageant nos concitoyens \u00e0 respecter les normes et les diff\u00e9rentes consignes sanitaires durant cette p\u00e9riode que nous allons vivre pour la premi\u00e8re fois dans l\u2019histoire dans des circonstances tr\u00e8s particuli\u00e8res, afin de sortir de cette crise que nous traversons dans les plus brefs d\u00e9lais\u00a0\u00bb. \u00ab\u00a0Tout droit est soumis \u00e0 un engagement, faudrait-il le rappeler\u00a0\u00bb, conclut le communiqu\u00e9.<\/p>\n<p>Auteur: elmoudjahid<br \/>\n<a href=\"http:\/\/www.elmoudjahid.com\/fr\/actualites\/152016\">Cliquez ici pour lire l&rsquo;article depuis sa source.<\/a><\/p>\n","protected":false},"excerpt":{"rendered":"<p>L&rsquo;Autorit\u00e9 de r\u00e9gulation de l\u2019audiovisuel (ARAV) a rappel\u00e9, hier, les diff\u00e9rents m\u00e9dias audiovisuels (publics et priv\u00e9s) sur la n\u00e9cessit\u00e9 de respecter l&rsquo;\u00a0\u00bb\u00e9thique et la d\u00e9ontologie\u00a0\u00bb dans l\u2019accomplissement de leur mission en ce mois de je\u00fbne, tout en poursuivant leurs efforts \u00e0 encourager les citoyens \u00e0 respecter les diff\u00e9rentes consignes sanitaires pour mettre fin \u00e0 la [&hellip;]<\/p>\n","protected":false},"author":1744,"featured_media":0,"comment_status":"closed","ping_status":"closed","sticky":false,"template":"","format":"standard","meta":{"fifu_image_url":"","fifu_image_alt":"","footnotes":""},"categories":[73,53],"tags":[],"class_list":["post-83129","post","type-post","status-publish","format-standard","hentry","category-actualite","category-algerie"],"_links":{"self":[{"href":"https:\/\/linitiative.ca\/International\/wp-json\/wp\/v2\/posts\/83129","targetHints":{"allow":["GET"]}}],"collection":[{"href":"https:\/\/linitiative.ca\/International\/wp-json\/wp\/v2\/posts"}],"about":[{"href":"https:\/\/linitiative.ca\/International\/wp-json\/wp\/v2\/types\/post"}],"author":[{"embeddable":true,"href":"https:\/\/linitiative.ca\/International\/wp-json\/wp\/v2\/users\/1744"}],"replies":[{"embeddable":true,"href":"https:\/\/linitiative.ca\/International\/wp-json\/wp\/v2\/comments?post=83129"}],"version-history":[{"count":0,"href":"https:\/\/linitiative.ca\/International\/wp-json\/wp\/v2\/posts\/83129\/revisions"}],"wp:attachment":[{"href":"https:\/\/linitiative.ca\/International\/wp-json\/wp\/v2\/media?parent=83129"}],"wp:term":[{"taxonomy":"category","embeddable":true,"href":"https:\/\/linitiative.ca\/International\/wp-json\/wp\/v2\/categories?post=83129"},{"taxonomy":"post_tag","embeddable":true,"href":"https:\/\/linitiative.ca\/International\/wp-json\/wp\/v2\/tags?post=83129"}],"curies":[{"name":"wp","href":"https:\/\/api.w.org\/{rel}","templated":true}]}}