{"id":83132,"date":"2020-04-22T09:52:49","date_gmt":"2020-04-22T13:52:49","guid":{"rendered":"https:\/\/linitiative.ca\/International\/104298-sur-le-net-amar-et-amimeur-accompagnent-les-boulistes-en-confinement\/"},"modified":"2020-04-22T09:52:49","modified_gmt":"2020-04-22T13:52:49","slug":"104298-sur-le-net-amar-et-amimeur-accompagnent-les-boulistes-en-confinement","status":"publish","type":"post","link":"https:\/\/linitiative.ca\/International\/104298-sur-le-net-amar-et-amimeur-accompagnent-les-boulistes-en-confinement\/","title":{"rendered":"Sur le Net, \u00ab\u00a0Amar et Amimeur\u00a0\u00bb accompagnent les boulistes en confinement"},"content":{"rendered":"<div readability=\"37\">\n<p><strong>ALGER &#8211; Des fervents du sport boules en Alg\u00e9rie, confin\u00e9s chez eux par la pand\u00e9mie du Covid-19, ont r\u00e9ussi \u00e0 \u00e9tablir entre eux un contact virtuel, \u00e0 la faveur d&rsquo;une s\u00e9rie de clips-vid\u00e9o post\u00e9s sur la toile par un bouliste alg\u00e9rien tout aussi adepte de cette discipline.<\/strong><\/p>\n<\/div>\n<div readability=\"103\">\n<p>\u00a0\u00a0 Intitul\u00e9s \u00ab\u00a0Amar et Amimeur\u00a0\u00bb, ces vid\u00e9os ont \u00e9t\u00e9 concoct\u00e9s par Mohamed Yacine Kafi, vice-pr\u00e9sident de la f\u00e9d\u00e9ration internationale des boules (FIB) qui a fait usage de sa page Facebook pour distraire un tant soit peu, les amoureux du sport boules (p\u00e9tanque, rafle et disciplines associ\u00e9es) dans cette conjoncture difficile.<\/p>\n<p>\u00a0M\u00fb par son d\u00e9sir de maintenir le contact habituel entre amateurs de la balle en m\u00e9tal, Yacine Kafi a entrepris avec succ\u00e8s cette mission via internet, sans \u00eatre un as en la mati\u00e8re. Il a, plus ou moins, r\u00e9ussi \u00e0 insuffler une note de gaiet\u00e9 dans le quotidien des boulistes en confinement, eux qui avaient une sacr\u00e9e habitude de se rencontrer chaque fin d\u2019apr\u00e8s-midi, sur des boulodromes pour des parties de p\u00e9tanque.<\/p>\n<p>\u00ab\u00a0L&rsquo;id\u00e9e m\u2019est venue comme \u00e7a. Tout en \u00e9tant en confinement chez moi, je me suis dis pourquoi pas m&rsquo;offrir une occupation que je partagerais avec la famille bouliste\u00a0\u00bb, a r\u00e9v\u00e9l\u00e9 \u00e0 l&rsquo;APS, Kafi. Ce dernier a mis en ligne des clips, avec des personnages r\u00e9els (joueurs-amis) histoire de \u00ab\u00a0faire revivre, en \u00e9pisodes, leurs aventures sous de forme de clips de courte dur\u00e9e avec leurs photos\u00a0\u00bb.<\/p>\n<p>Chaque clip \u00e9voquait les p\u00e9rip\u00e9ties d&rsquo;une partie d\u2019une \u00e9poque que le duo Amar- Amimeur avait v\u00e9cu ensemble, le tout agr\u00e9ment\u00e9 par une animation virtuelle attirante. Pour pimenter son \u0153uvre, le concepteur pose, \u00e0 la fin de chaque \u00e9pisode, une question sur divers sujets (des endroits \u00e0 reconnaitre, le nom d\u2019une instance sportive..etc.) permettant ainsi d&rsquo;alimenter les discussions \u00e0 travers un \u00e9change d&rsquo;id\u00e9es.<\/p>\n<p>\u00a0 \u00ab\u00a0J&rsquo;en suis au 3\u00e8 \u00e9pisode et chacun me prend 3 \u00e0 4 heures de travail.<\/p>\n<p>J&rsquo;enregistre un maximum de 10.000 vues par partie. Il faut dire que la conception est faite sur mon t\u00e9l\u00e9phone mobile, et chaque th\u00e8me suit l\u2019\u00e9volution de la pand\u00e9mie, avec \u00e0 la fin des conseils de s\u00e9curit\u00e9 sanitaire. C\u2019est ma fa\u00e7on de contribuer \u00e0 la sensibilisation de la lutte contre le Covid-19&Prime; a expliqu\u00e9 Kafi qui est \u00e9galement pr\u00e9sident de la Conf\u00e9d\u00e9ration africaine de la Raffa.<\/p>\n<p>\u00a0\u00a0 Le travail d\u00e9j\u00e0 effectu\u00e9, a permis \u00e0 son initiateur de s&rsquo;occuper certes, mais aussi d\u2019oublier un tant soit peu, l\u2019absence de ses enfants, m\u00e9decins de profession, qui sont, au m\u00eame titre que leurs confr\u00e8res, en premi\u00e8re ligne dans la lutte contre le Covid-19, au niveau des enceintes hospitali\u00e8res.<\/p>\n<p>\u00a0\u00ab\u00a0Certainement, mon occupation me permet aussi d\u2019oublier un peu l&rsquo;absence de mes fils qui se trouvent actuellement avec les professionnels de la sant\u00e9 au chevet des malades et des personnes touch\u00e9es par cette \u00e9pid\u00e9mie.<\/p>\n<p>Je les contacte souvent pour avoir de leurs nouvelles. C\u2019est le devoir de la nation et chacun de nous doit s\u2019y mettre aussi et prendre part \u00e0 cette campagne pour vaincre ce virus\u00a0\u00bb, a tenu \u00e0 conclure Yacine Kafi.<\/p>\n<\/div>\n<p>Auteur:<br \/>\n<a href=\"http:\/\/www.aps.dz\/sport\/104298-sur-le-net-amar-et-amimeur-accompagnent-les-boulistes-en-confinement?utm_source=feedburner&#038;utm_medium=feed&#038;utm_campaign=Feed%3A+aps-sport+%28APS+-+SPORT%29\">Cliquez ici pour lire l&rsquo;article depuis sa source.<\/a><\/p>\n","protected":false},"excerpt":{"rendered":"<p>ALGER &#8211; Des fervents du sport boules en Alg\u00e9rie, confin\u00e9s chez eux par la pand\u00e9mie du Covid-19, ont r\u00e9ussi \u00e0 \u00e9tablir entre eux un contact virtuel, \u00e0 la faveur d&rsquo;une s\u00e9rie de clips-vid\u00e9o post\u00e9s sur la toile par un bouliste alg\u00e9rien tout aussi adepte de cette discipline. \u00a0\u00a0 Intitul\u00e9s \u00ab\u00a0Amar et Amimeur\u00a0\u00bb, ces vid\u00e9os ont [&hellip;]<\/p>\n","protected":false},"author":1790,"featured_media":0,"comment_status":"closed","ping_status":"closed","sticky":false,"template":"","format":"standard","meta":{"fifu_image_url":"","fifu_image_alt":"","footnotes":""},"categories":[53,75],"tags":[],"class_list":["post-83132","post","type-post","status-publish","format-standard","hentry","category-algerie","category-sport"],"_links":{"self":[{"href":"https:\/\/linitiative.ca\/International\/wp-json\/wp\/v2\/posts\/83132","targetHints":{"allow":["GET"]}}],"collection":[{"href":"https:\/\/linitiative.ca\/International\/wp-json\/wp\/v2\/posts"}],"about":[{"href":"https:\/\/linitiative.ca\/International\/wp-json\/wp\/v2\/types\/post"}],"author":[{"embeddable":true,"href":"https:\/\/linitiative.ca\/International\/wp-json\/wp\/v2\/users\/1790"}],"replies":[{"embeddable":true,"href":"https:\/\/linitiative.ca\/International\/wp-json\/wp\/v2\/comments?post=83132"}],"version-history":[{"count":0,"href":"https:\/\/linitiative.ca\/International\/wp-json\/wp\/v2\/posts\/83132\/revisions"}],"wp:attachment":[{"href":"https:\/\/linitiative.ca\/International\/wp-json\/wp\/v2\/media?parent=83132"}],"wp:term":[{"taxonomy":"category","embeddable":true,"href":"https:\/\/linitiative.ca\/International\/wp-json\/wp\/v2\/categories?post=83132"},{"taxonomy":"post_tag","embeddable":true,"href":"https:\/\/linitiative.ca\/International\/wp-json\/wp\/v2\/tags?post=83132"}],"curies":[{"name":"wp","href":"https:\/\/api.w.org\/{rel}","templated":true}]}}