{"id":83135,"date":"2020-04-22T12:56:00","date_gmt":"2020-04-22T16:56:00","guid":{"rendered":"https:\/\/linitiative.ca\/International\/projet-a-larret-dune-structure-de-jeunes-a-la-sortie-sud-de-tissemsilt-un-grand-gachis-et-des-interrogations\/"},"modified":"2020-04-22T12:56:00","modified_gmt":"2020-04-22T16:56:00","slug":"projet-a-larret-dune-structure-de-jeunes-a-la-sortie-sud-de-tissemsilt-un-grand-gachis-et-des-interrogations","status":"publish","type":"post","link":"https:\/\/linitiative.ca\/International\/projet-a-larret-dune-structure-de-jeunes-a-la-sortie-sud-de-tissemsilt-un-grand-gachis-et-des-interrogations\/","title":{"rendered":"PROJET A L\u2019ARRET D\u2019UNE STRUCTURE DE JEUNES  A LA SORTIE SUD DE TISSEMSILT : Un grand g\u00e2chis et des interrogations"},"content":{"rendered":"<p><br id=\"sep_para_1\" class=\"sep_para access\"\/><\/p>\n<div id=\"para_1\" class=\"para_36605014 resize\">\n<div class=\"texte access firstletter\">C\u2019est le cas du projet de la salle omnisports se trouvant en face du march\u00e9 hebdomadaire \u00e0 la sortie sud de la ville ou le commun des citoyens \u00e0 l\u2019\u00e9poque avait constat\u00e9 avec joie le lancement d\u2019un projet qui consistait la r\u00e9alisation d\u2019une structure sportive d\u2019envergure \u00e0 la rentr\u00e9e de la ville regroupant des milliers d\u2019habitants pour faire profiter aux jeunes du nouveau site d\u2019habitations d\u2019Essafah des bienfaits d\u2019une telle structure, un projet certainement \u00e0 co\u00fbt de millions de dinars \u00e9puis\u00e9s du tr\u00e9sor public, mais \u00e0 constater de nos jours ce projet abandonn\u00e9 \u00e0 moiti\u00e9 r\u00e9alis\u00e9, une image d\u2019un spectacle scandaleux, lamentable, damnable se dresse devant vous, une grande construction abandonn\u00e9e et tellement d\u00e9grad\u00e9e \u00e0 la couleur brique ocre et le tout d\u00e9laiss\u00e9 comme si ce projet \u00e9tait engag\u00e9 uniquement pour faire plaisir \u00e0 son initiateur qui \u00e9tait l\u2019ex wali, pourtant contest\u00e9 du fait que son emplacement \u00e9tait mal indiqu\u00e9 du fait qu\u2019il se trouve dans un bas-fond\u00a0 ou \u00e0 chaque hiver, le site est envahi par le ruissellement des eaux pluviales, \u00e0 l\u2019arr\u00eat depuis des ann\u00e9es et de nos jours, personne ne sait le pourquoi de cet arr\u00eat ou encore sera-t-il relanc\u00e9 incessamment ? L\u2019on se demande qui assume ce g\u00e2chis ? Pourquoi ce projet n\u2019a pas b\u00e9n\u00e9fici\u00e9 de l\u2019importance de l\u2019\u00e9tude \u00e0 l\u2019\u00e9poque et du suivi ? Est ce que le premier responsable de la wilaya est au courant de cette d\u00e9solante situation ? Le pr\u00e9judice est tr\u00e8s important d\u2019o\u00f9 il est peut \u00eatre temps se s\u2019assoir sur la situation et d\u2019envisager les sanctions qui s\u2019imposent.<\/div>\n<\/div>\n<p>Auteur: A.Ould El Hadri<br \/>\n<a href=\"https:\/\/www.reflexiondz.net\/PROJET-A-L-ARRET-D-UNE-STRUCTURE-DE-JEUNES-A-LA-SORTIE-SUD-DE-TISSEMSILT-Un-grand-gachis-et-des-interrogations_a62175.html\">Cliquez ici pour lire l&rsquo;article depuis sa source.<\/a><\/p>\n","protected":false},"excerpt":{"rendered":"<p>C\u2019est le cas du projet de la salle omnisports se trouvant en face du march\u00e9 hebdomadaire \u00e0 la sortie sud de la ville ou le commun des citoyens \u00e0 l\u2019\u00e9poque avait constat\u00e9 avec joie le lancement d\u2019un projet qui consistait la r\u00e9alisation d\u2019une structure sportive d\u2019envergure \u00e0 la rentr\u00e9e de la ville regroupant des milliers [&hellip;]<\/p>\n","protected":false},"author":1740,"featured_media":0,"comment_status":"closed","ping_status":"closed","sticky":false,"template":"","format":"standard","meta":{"fifu_image_url":"","fifu_image_alt":"","footnotes":""},"categories":[53,76],"tags":[],"class_list":["post-83135","post","type-post","status-publish","format-standard","hentry","category-algerie","category-regions"],"_links":{"self":[{"href":"https:\/\/linitiative.ca\/International\/wp-json\/wp\/v2\/posts\/83135","targetHints":{"allow":["GET"]}}],"collection":[{"href":"https:\/\/linitiative.ca\/International\/wp-json\/wp\/v2\/posts"}],"about":[{"href":"https:\/\/linitiative.ca\/International\/wp-json\/wp\/v2\/types\/post"}],"author":[{"embeddable":true,"href":"https:\/\/linitiative.ca\/International\/wp-json\/wp\/v2\/users\/1740"}],"replies":[{"embeddable":true,"href":"https:\/\/linitiative.ca\/International\/wp-json\/wp\/v2\/comments?post=83135"}],"version-history":[{"count":0,"href":"https:\/\/linitiative.ca\/International\/wp-json\/wp\/v2\/posts\/83135\/revisions"}],"wp:attachment":[{"href":"https:\/\/linitiative.ca\/International\/wp-json\/wp\/v2\/media?parent=83135"}],"wp:term":[{"taxonomy":"category","embeddable":true,"href":"https:\/\/linitiative.ca\/International\/wp-json\/wp\/v2\/categories?post=83135"},{"taxonomy":"post_tag","embeddable":true,"href":"https:\/\/linitiative.ca\/International\/wp-json\/wp\/v2\/tags?post=83135"}],"curies":[{"name":"wp","href":"https:\/\/api.w.org\/{rel}","templated":true}]}}