{"id":83136,"date":"2020-04-22T13:13:00","date_gmt":"2020-04-22T17:13:00","guid":{"rendered":"https:\/\/linitiative.ca\/International\/lalgerie-reagit-aux-reserves-emises-contre-lamamra\/"},"modified":"2020-04-22T13:13:00","modified_gmt":"2020-04-22T17:13:00","slug":"lalgerie-reagit-aux-reserves-emises-contre-lamamra","status":"publish","type":"post","link":"https:\/\/linitiative.ca\/International\/lalgerie-reagit-aux-reserves-emises-contre-lamamra\/","title":{"rendered":"L\u2019Alg\u00e9rie r\u00e9agit  aux r\u00e9serves \u00e9mises contre Lamamra"},"content":{"rendered":"<p><br id=\"sep_para_1\" class=\"sep_para access\"\/><\/p>\n<div id=\"para_1\" class=\"para_36605185 resize\">\n<div class=\"texte access firstletter\">L\u2019Alg\u00e9rie a r\u00e9agi officiellement aux r\u00e9serves \u00e9mises contre la nomination du diplomate alg\u00e9rien Ramtane Lamamra en tant qu\u2019Envoy\u00e9 sp\u00e9cial de l\u2019ONU en Libye. En effet, le ministre Conseiller \u00e0 la communication, Porte-parole officiel de la pr\u00e9sidence de la R\u00e9publique, Bela\u00efd Mohand Oussa\u00efd a affirm\u00e9 que les r\u00e9serves \u00e9mises par un membre du Conseil de s\u00e9curit\u00e9 concernant la candidature du diplomate alg\u00e9rien Ramtane Lamamra au poste d\u2019Envoy\u00e9 sp\u00e9cial de l\u2019ONU pour la Libye ob\u00e9issent \u00e0 des consid\u00e9rations int\u00e9rieures servant certains r\u00e9gimes, qui n\u2019ont aucun int\u00e9r\u00eat dans le r\u00e8glement du probl\u00e8me du peuple libyen. En effet, M. Belaid a expliqu\u00e9 que la candidature de ce dernier \u00ab n\u2019avait pas jouit de l\u2019accord d\u2019un membre du Conseil de s\u00e9curit\u00e9 \u00bb, soulignant que les informations dont il dispose laissent penser que les r\u00e9serves de ce membre \u00ab ob\u00e9iraient (\u2026) \u00e0 des consid\u00e9rations int\u00e9rieures servant certains r\u00e9gimes, qui n\u2019ont aucun int\u00e9r\u00eat dans le r\u00e8glement du probl\u00e8me du peuple libyen \u00bb, a-t-il dit selon un compte-rendu de l\u2019agence officielle.<\/div>\n<\/div>\n<p>Auteur: R\u00e9flexion<br \/>\n<a href=\"https:\/\/www.reflexiondz.net\/L-Algerie-reagit-aux-reserves-emises-contre-Lamamra_a62204.html\">Cliquez ici pour lire l&rsquo;article depuis sa source.<\/a><\/p>\n","protected":false},"excerpt":{"rendered":"<p>L\u2019Alg\u00e9rie a r\u00e9agi officiellement aux r\u00e9serves \u00e9mises contre la nomination du diplomate alg\u00e9rien Ramtane Lamamra en tant qu\u2019Envoy\u00e9 sp\u00e9cial de l\u2019ONU en Libye. En effet, le ministre Conseiller \u00e0 la communication, Porte-parole officiel de la pr\u00e9sidence de la R\u00e9publique, Bela\u00efd Mohand Oussa\u00efd a affirm\u00e9 que les r\u00e9serves \u00e9mises par un membre du Conseil de s\u00e9curit\u00e9 [&hellip;]<\/p>\n","protected":false},"author":1740,"featured_media":0,"comment_status":"closed","ping_status":"closed","sticky":false,"template":"","format":"standard","meta":{"fifu_image_url":"","fifu_image_alt":"","footnotes":""},"categories":[53,76],"tags":[],"class_list":["post-83136","post","type-post","status-publish","format-standard","hentry","category-algerie","category-regions"],"_links":{"self":[{"href":"https:\/\/linitiative.ca\/International\/wp-json\/wp\/v2\/posts\/83136","targetHints":{"allow":["GET"]}}],"collection":[{"href":"https:\/\/linitiative.ca\/International\/wp-json\/wp\/v2\/posts"}],"about":[{"href":"https:\/\/linitiative.ca\/International\/wp-json\/wp\/v2\/types\/post"}],"author":[{"embeddable":true,"href":"https:\/\/linitiative.ca\/International\/wp-json\/wp\/v2\/users\/1740"}],"replies":[{"embeddable":true,"href":"https:\/\/linitiative.ca\/International\/wp-json\/wp\/v2\/comments?post=83136"}],"version-history":[{"count":0,"href":"https:\/\/linitiative.ca\/International\/wp-json\/wp\/v2\/posts\/83136\/revisions"}],"wp:attachment":[{"href":"https:\/\/linitiative.ca\/International\/wp-json\/wp\/v2\/media?parent=83136"}],"wp:term":[{"taxonomy":"category","embeddable":true,"href":"https:\/\/linitiative.ca\/International\/wp-json\/wp\/v2\/categories?post=83136"},{"taxonomy":"post_tag","embeddable":true,"href":"https:\/\/linitiative.ca\/International\/wp-json\/wp\/v2\/tags?post=83136"}],"curies":[{"name":"wp","href":"https:\/\/api.w.org\/{rel}","templated":true}]}}