{"id":83141,"date":"2020-04-22T10:11:00","date_gmt":"2020-04-22T14:11:00","guid":{"rendered":"https:\/\/linitiative.ca\/International\/la-commission-europeenne-propose-a-ses-instances-loctroi-a-la-tunisie-de-600-millions-deuros-sous-forme-dassistance-financiere\/"},"modified":"2020-04-22T10:11:00","modified_gmt":"2020-04-22T14:11:00","slug":"la-commission-europeenne-propose-a-ses-instances-loctroi-a-la-tunisie-de-600-millions-deuros-sous-forme-dassistance-financiere","status":"publish","type":"post","link":"https:\/\/linitiative.ca\/International\/la-commission-europeenne-propose-a-ses-instances-loctroi-a-la-tunisie-de-600-millions-deuros-sous-forme-dassistance-financiere\/","title":{"rendered":"La Commission europ\u00e9enne propose \u00e0 ses instances l\u2019octroi \u00e0 la Tunisie de 600 millions d&rsquo;euros sous forme d\u2019assistance financi\u00e8re"},"content":{"rendered":"<p>La Commission de l\u2019Union europ\u00e9enne a adopt\u00e9 une proposition de programme d&rsquo;assistance macrofinanci\u00e8re (AMF) de 3 milliards d&rsquo;euros \u00e0 dix partenaires de l&rsquo;\u00e9largissement et du voisinage pour les aider \u00e0 limiter les retomb\u00e9es \u00e9conomiques de la pand\u00e9mie de coronavirus. A ce titre, la Tunisie b\u00e9n\u00e9ficiera, une fois la proposition adopt\u00e9e par le Parlement europ\u00e9en et du Conseil de l&rsquo;Union, d\u2019une enveloppe de 600 millions d&rsquo;euros. C\u2019est ce qu\u2019a annonc\u00e9 mercredi \u00e0 Bruxelles Valdis Dombrovskis, Vice-pr\u00e9sident ex\u00e9cutif de la Commission.<\/p>\n<p>Compte tenu du besoin urgent de ce soutien, la Commission compte sur la coop\u00e9ration des col\u00e9gislateurs pour assurer une adoption rapide de la proposition.<\/p>\n<p>Apr\u00e8s l&rsquo;adoption de la proposition, la Commission est pr\u00eate \u00e0 verser la premi\u00e8re tranche aussi rapidement que possible apr\u00e8s l&rsquo;adoption de la d\u00e9cision d&rsquo;AMF et d\u00e8s qu&rsquo;un protocole d&rsquo;accord aura \u00e9t\u00e9 conclu avec chaque pays partenaire. La deuxi\u00e8me tranche pourrait \u00eatre vers\u00e9e au quatri\u00e8me trimestre de 2020 ou au premier semestre de 2021, \u00e0 condition que les mesures politiques qui y sont li\u00e9es aient \u00e9t\u00e9 mises en \u0153uvre en temps utile.<\/p>\n<p>Cette proposition vient s&rsquo;ajouter \u00e0 la strat\u00e9gie \u00ab\u00a0Team Europe\u00a0\u00bb, la r\u00e9ponse solide et cibl\u00e9e de l&rsquo;UE pour soutenir les efforts des pays partenaires dans la lutte contre la pand\u00e9mie de coronavirus, indique un communiqu\u00e9 publi\u00e9 \u00e0 Bruxelles. Elle constitue une d\u00e9monstration importante de la solidarit\u00e9 de l&rsquo;UE avec ces pays en cette p\u00e9riode de crise sans pr\u00e9c\u00e9dent.<\/p>\n<p>La proposition, qui fait suite \u00e0 une \u00e9valuation pr\u00e9liminaire des besoins de financement, pr\u00e9voit que les fonds d&rsquo;AMF seront r\u00e9partis comme suit : R\u00e9publique d&rsquo;Albanie (180 millions d&rsquo;euros), Bosnie-et-Herz\u00e9govine (250 millions d&rsquo;euros), G\u00e9orgie (150 millions d&rsquo;euros), Royaume hach\u00e9mite de Jordanie (200 millions d&rsquo;euros), Kosovo (100 millions d&rsquo;euros), R\u00e9publique de Moldavie (100 millions d&rsquo;euros), Mont\u00e9n\u00e9gro (60 millions d&rsquo;euros), R\u00e9publique de Mac\u00e9doine du Nord (160 millions d&rsquo;euros), R\u00e9publique tunisienne (600 millions d&rsquo;euros) et Ukraine (1 million d&rsquo;euros). (1,2 milliard d&rsquo;euros).<\/p>\n<p>\u00ab\u00a0Il est essentiel de soutenir nos voisins en cette p\u00e9riode de crise pour maintenir la stabilit\u00e9 de toute la r\u00e9gion, a d\u00e9clar\u00e9 Valdis Dombrovskis . Dans le cadre de la r\u00e9ponse globale de l&rsquo;UE \u00e0 la pand\u00e9mie de coronavirus, nous devons aider nos pays voisins \u00e0 amortir le pire de son impact \u00e9conomique. Ces \u00ab\u00a0programmes d&rsquo;aide macrofinanci\u00e8re en r\u00e9ponse \u00e0 la crise\u00a0\u00bb aideront dix pays \u00e0 assurer la stabilit\u00e9 macro\u00e9conomique et \u00e0 prot\u00e9ger leurs citoyens et leurs entreprises pendant la crise\u00a0\u00bb.<\/p>\n<p>De son c\u00f4t\u00e9 Paolo Gentiloni, commissaire \u00e0 l&rsquo;Economie\u00a0 a indiqu\u00e9 : \u00ab\u00a0La solidarit\u00e9 europ\u00e9enne ne doit pas s&rsquo;arr\u00eater aux fronti\u00e8res de notre Union. Car dans cette crise mondiale, nous sommes solidaires ou nous tombons ensemble. Aujourd&rsquo;hui, la Commission europ\u00e9enne fait un pas d\u00e9cisif pour aider dix de nos voisins dans leur lutte contre le coronavirus. J&rsquo;invite le Parlement europ\u00e9en et le Conseil \u00e0 adopter rapidement ce paquet important\u00a0\u00bb.<\/p>\n<p>Les fonds AMF seront mis \u00e0 disposition pendant 12 mois sous forme de pr\u00eats \u00e0 des conditions tr\u00e8s favorables pour aider ces pays \u00e0 couvrir leurs besoins de financement imm\u00e9diats et urgents. Avec le soutien du Fonds mon\u00e9taire international, les fonds peuvent contribuer \u00e0 renforcer la stabilit\u00e9 macro\u00e9conomique et \u00e0 cr\u00e9er un espace permettant d&rsquo;affecter des ressources \u00e0 la protection des citoyens et \u00e0 l&rsquo;att\u00e9nuation des cons\u00e9quences socio-\u00e9conomiques n\u00e9gatives de la pand\u00e9mie de coronavirus. Cet instrument reste \u00e9galement disponible pour d&rsquo;autres pays \u00e9ligibles connaissant des difficult\u00e9s de balance des paiements.<\/p>\n<h2>Contexte : L&rsquo; \u00c9quipe Europe<\/h2>\n<p>La r\u00e9ponse de l&rsquo;UE suit une approche \u00ab\u00a0Team Europe\u00a0\u00bb, qui vise \u00e0 sauver des vies en apportant un soutien rapide et cibl\u00e9 \u00e0 nos partenaires pour faire face \u00e0 cette pand\u00e9mie. Elle combine les ressources de l&rsquo;UE, de ses \u00c9tats membres et des institutions financi\u00e8res, en particulier la Banque europ\u00e9enne d&rsquo;investissement et la Banque europ\u00e9enne pour la reconstruction et le d\u00e9veloppement, pour soutenir les pays partenaires et r\u00e9pondre \u00e0 leurs besoins de financement \u00e0 court terme, ainsi qu&rsquo;aux effets structurels \u00e0 plus long terme sur les soci\u00e9t\u00e9s et l&rsquo;\u00e9conomie. Le montant total du programme \u00ab\u00a0Team Europe\u00a0\u00bb s&rsquo;\u00e9l\u00e8ve \u00e0 plus de 20 milliards d&rsquo;euros. Les premiers paquets \u00ab\u00a0Team Europe\u00a0\u00bb sont d\u00e9j\u00e0 mis en \u0153uvre dans le voisinage imm\u00e9diat de l&rsquo;UE : les Balkans occidentaux, \u00e0 l&rsquo;Est et au Sud. (Communiqu\u00e9)<\/p>\n<p>Auteur:<br \/>\n<a href=\"https:\/\/www.leaders.com.tn\/article\/29751-la-commission-europeenne-propose-a-l-approbation-des-instances-europeennes-l-octroi-a-la-tunisie-600-millions-d-euros-sous-forme-d-assistance-financiere\">Cliquez ici pour lire l&rsquo;article depuis sa source.<\/a><\/p>\n","protected":false},"excerpt":{"rendered":"<p>La Commission de l\u2019Union europ\u00e9enne a adopt\u00e9 une proposition de programme d&rsquo;assistance macrofinanci\u00e8re (AMF) de 3 milliards d&rsquo;euros \u00e0 dix partenaires de l&rsquo;\u00e9largissement et du voisinage pour les aider \u00e0 limiter les retomb\u00e9es \u00e9conomiques de la pand\u00e9mie de coronavirus. A ce titre, la Tunisie b\u00e9n\u00e9ficiera, une fois la proposition adopt\u00e9e par le Parlement europ\u00e9en et [&hellip;]<\/p>\n","protected":false},"author":1772,"featured_media":0,"comment_status":"closed","ping_status":"closed","sticky":false,"template":"","format":"standard","meta":{"fifu_image_url":"","fifu_image_alt":"","footnotes":""},"categories":[73,55],"tags":[],"class_list":["post-83141","post","type-post","status-publish","format-standard","hentry","category-actualite","category-tunisie"],"_links":{"self":[{"href":"https:\/\/linitiative.ca\/International\/wp-json\/wp\/v2\/posts\/83141","targetHints":{"allow":["GET"]}}],"collection":[{"href":"https:\/\/linitiative.ca\/International\/wp-json\/wp\/v2\/posts"}],"about":[{"href":"https:\/\/linitiative.ca\/International\/wp-json\/wp\/v2\/types\/post"}],"author":[{"embeddable":true,"href":"https:\/\/linitiative.ca\/International\/wp-json\/wp\/v2\/users\/1772"}],"replies":[{"embeddable":true,"href":"https:\/\/linitiative.ca\/International\/wp-json\/wp\/v2\/comments?post=83141"}],"version-history":[{"count":0,"href":"https:\/\/linitiative.ca\/International\/wp-json\/wp\/v2\/posts\/83141\/revisions"}],"wp:attachment":[{"href":"https:\/\/linitiative.ca\/International\/wp-json\/wp\/v2\/media?parent=83141"}],"wp:term":[{"taxonomy":"category","embeddable":true,"href":"https:\/\/linitiative.ca\/International\/wp-json\/wp\/v2\/categories?post=83141"},{"taxonomy":"post_tag","embeddable":true,"href":"https:\/\/linitiative.ca\/International\/wp-json\/wp\/v2\/tags?post=83141"}],"curies":[{"name":"wp","href":"https:\/\/api.w.org\/{rel}","templated":true}]}}