{"id":83146,"date":"2020-04-22T14:26:11","date_gmt":"2020-04-22T18:26:11","guid":{"rendered":"https:\/\/linitiative.ca\/International\/coronavirus-3446-cas-cumules-mercredi-a-18-heures-417-guerisons\/"},"modified":"2020-04-22T14:26:11","modified_gmt":"2020-04-22T18:26:11","slug":"coronavirus-3446-cas-cumules-mercredi-a-18-heures-417-guerisons","status":"publish","type":"post","link":"https:\/\/linitiative.ca\/International\/coronavirus-3446-cas-cumules-mercredi-a-18-heures-417-guerisons\/","title":{"rendered":"Coronavirus : 3446 cas cumul\u00e9s mercredi \u00e0 18 heures, 417 gu\u00e9risons"},"content":{"rendered":"<p>Voici le nouveau d\u00e9compte du minist\u00e8re de la Sant\u00e9<\/p>\n<div class=\"c10\"\/>\n<p>Le minist\u00e8re de la Sant\u00e9 a enregistr\u00e9 237 nouveaux cas en 24 heures, portant le total des cas positifs au coronavirus \u00e0 3446 mercredi \u00e0 18 heures. En ce qui concerne le nombre des gu\u00e9risons, il est de 417, contre 149 d\u00e9c\u00e8s au total. Le minist\u00e8re fait remarquer que 120 cas ont \u00e9t\u00e9 enregistr\u00e9s \u00e0 Ouarzazate aujourd\u2019hui.<\/p>\n<div class=\"c17\">\n<fieldset class=\"c16\">\n<legend><strong><span class=\"c11\">Challenge<\/span><span class=\"c12\">news<\/span><\/strong><\/legend>\n<div class=\"c15\">Le meilleur de Challenge s\u00e9lectionn\u00e9 par la r\u00e9daction :<\/p>\n<\/div>\n<\/fieldset>\n<\/div>\n<p>Auteur: challenge<br \/>\n<a href=\"https:\/\/www.challenge.ma\/coronavirus-3446-cas-cumules-mercredi-a-18-heures-417-guerisons-138288\/\">Cliquez ici pour lire l&rsquo;article depuis sa source.<\/a><\/p>\n","protected":false},"excerpt":{"rendered":"<p>Voici le nouveau d\u00e9compte du minist\u00e8re de la Sant\u00e9 Le minist\u00e8re de la Sant\u00e9 a enregistr\u00e9 237 nouveaux cas en 24 heures, portant le total des cas positifs au coronavirus \u00e0 3446 mercredi \u00e0 18 heures. En ce qui concerne le nombre des gu\u00e9risons, il est de 417, contre 149 d\u00e9c\u00e8s au total. Le minist\u00e8re [&hellip;]<\/p>\n","protected":false},"author":1787,"featured_media":0,"comment_status":"closed","ping_status":"closed","sticky":false,"template":"","format":"standard","meta":{"fifu_image_url":"","fifu_image_alt":"","footnotes":""},"categories":[78,54],"tags":[],"class_list":["post-83146","post","type-post","status-publish","format-standard","hentry","category-economie","category-maroc"],"_links":{"self":[{"href":"https:\/\/linitiative.ca\/International\/wp-json\/wp\/v2\/posts\/83146","targetHints":{"allow":["GET"]}}],"collection":[{"href":"https:\/\/linitiative.ca\/International\/wp-json\/wp\/v2\/posts"}],"about":[{"href":"https:\/\/linitiative.ca\/International\/wp-json\/wp\/v2\/types\/post"}],"author":[{"embeddable":true,"href":"https:\/\/linitiative.ca\/International\/wp-json\/wp\/v2\/users\/1787"}],"replies":[{"embeddable":true,"href":"https:\/\/linitiative.ca\/International\/wp-json\/wp\/v2\/comments?post=83146"}],"version-history":[{"count":0,"href":"https:\/\/linitiative.ca\/International\/wp-json\/wp\/v2\/posts\/83146\/revisions"}],"wp:attachment":[{"href":"https:\/\/linitiative.ca\/International\/wp-json\/wp\/v2\/media?parent=83146"}],"wp:term":[{"taxonomy":"category","embeddable":true,"href":"https:\/\/linitiative.ca\/International\/wp-json\/wp\/v2\/categories?post=83146"},{"taxonomy":"post_tag","embeddable":true,"href":"https:\/\/linitiative.ca\/International\/wp-json\/wp\/v2\/tags?post=83146"}],"curies":[{"name":"wp","href":"https:\/\/api.w.org\/{rel}","templated":true}]}}