{"id":83153,"date":"2020-04-22T15:33:58","date_gmt":"2020-04-22T19:33:58","guid":{"rendered":"https:\/\/linitiative.ca\/International\/appel-a-la-liberation-de-agbeyome-kodjo-au-togo\/"},"modified":"2020-04-22T15:33:58","modified_gmt":"2020-04-22T19:33:58","slug":"appel-a-la-liberation-de-agbeyome-kodjo-au-togo","status":"publish","type":"post","link":"https:\/\/linitiative.ca\/International\/appel-a-la-liberation-de-agbeyome-kodjo-au-togo\/","title":{"rendered":"APPEL A LA LIBERATION DE AGBEYOME KODJO AU TOGO"},"content":{"rendered":"<div class=\"stream-item stream-item-above-post-content\">\n<p><noscript><\/p>\n<p><a href=\"\/\/www3.smartadserver.com\/ac?jump=1&amp;nwid=2136&amp;siteid=240610&amp;pgname=rg&amp;fmtid=49046&amp;visit=m&amp;tmstp=[timestamp]&amp;out=nonrich\" target=\"_blank\" rel=\"noopener noreferrer\"><img decoding=\"async\" src=\"\/\/www3.smartadserver.com\/ac?out=nonrich&amp;nwid=2136&amp;siteid=240610&amp;pgname=rg&amp;fmtid=49046&amp;visit=m&amp;tmstp=[timestamp]\" border=\"0\" alt=\"\"\/><\/a><\/p>\n<p><\/noscript><\/div>\n<p class=\"c3\"><em>Apr\u00e8s la lev\u00e9e, le 16 mars dernier, de son immunit\u00e9 parlementaire, le candidat malheureux \u00e0 la pr\u00e9sidentielle togolaise, Gabriel Agbeyom\u00e9 Kodjo, accus\u00e9 de troubles aggrav\u00e9s \u00e0 l\u2019ordre public, d\u00e9nonciations calomnieuses et atteinte \u00e0 la s\u00e9curit\u00e9 int\u00e9rieure de l\u2019Etat, a \u00e9t\u00e9 finalement arr\u00eat\u00e9. L\u2019ancien Premier ministre de Gnassingb\u00e9 p\u00e8re, proclam\u00e9 deuxi\u00e8me, derri\u00e8re le chef de l\u2019Etat, \u00e0 la pr\u00e9sidentielle du 22 f\u00e9vrier dernier, savait ses mouvements surveill\u00e9s depuis que le procureur de la R\u00e9publique avait d\u00e9cid\u00e9 d\u2019engager des poursuites judiciaires contre lui. En rappel, au lendemain du scrutin pr\u00e9sidentiel, celui qui a aussi occup\u00e9 le perchoir avant de devenir opposant, s\u2019\u00e9tait proclam\u00e9 vainqueur et avait m\u00eame invit\u00e9 le chef de l\u2019Etat \u00e0 la premi\u00e8re d\u00e9volution d\u00e9mocratique du pouvoir dans son pays. Et c\u2019est ce qui lui vaut les d\u00e9boires judiciaires d\u2019aujourd\u2019hui.<\/em> <em>Le moins que l\u2019on puisse dire, c\u2019est que cette arrestation du leader du Mouvement patriotique pour la d\u00e9mocratie et le d\u00e9veloppement (MPDD), n\u2019est pas \u00e9tonnante. Elle n\u2019avait que trop tard\u00e9 dans un pays o\u00f9 les d\u00e9sirs du prince r\u00e9gnant valent lois.\u00a0 Mais Faure avait-il besoin de \u00e7a ? A-t-il encore besoin de bander les muscles face \u00e0 un candidat malheureux dont les recours ont \u00e9t\u00e9 rejet\u00e9s et qui n\u2019a plus aucune chance de renverser des r\u00e9sultats ent\u00e9rin\u00e9s par la Cour constitutionnelle ?<\/em><\/p>\n<p class=\"c3\"><strong><em>Ce n\u2019est pas en donnant le sentiment d\u2019instrumentaliser la Justice contre un adversaire d\u00e9j\u00e0 vaincu, que Faure rendra sa r\u00e9\u00e9lection beaucoup plus propre<\/em><\/strong><\/p>\n<p class=\"c3\"><em>Quoi qu\u2019il en soit, pour un scrutin qui \u00e9tait d\u00e9j\u00e0 pli\u00e9, en s\u2019acharnant de la sorte contre l\u2019opposant et candidat malheureux dont les cris d\u2019orfraie ne sont pas loin de se noyer dans les flots de la lagune de B\u00e8, Faure se paie une mauvaise publicit\u00e9 dont il aurait pu se passer. Car, l\u2019empressement de la Commission \u00e9lectorale \u00e0 proclamer sa victoire dans les conditions que l\u2019on sait, n\u2019a pas \u00e9t\u00e9 sans semer le doute dans certains esprits. Et ce, au-del\u00e0 m\u00eame du Togo. C\u2019est pourquoi l\u2019arrestation de l\u2019opposant peut para\u00eetre, aux yeux de certains observateurs, comme une cabale judiciaire, pour \u00e9teindre toute contestation. Dans tous les cas, les Togolais sont rest\u00e9s jusque-l\u00e0 impassibles \u00e0 l\u2019appel de l\u2019opposant \u00e0 d\u00e9fendre sa victoire, et n\u2019ont pas non plus montr\u00e9 d\u2019enthousiasme \u00e0 suivre Monseigneur Philippe Kpodzo, dans sa volont\u00e9 de mourir en martyr pour son filleul. Si ce n\u2019est pas un signe de r\u00e9signation, cela y ressemble fort. Et cela devrait interpeller le chef de l\u2019Etat togolais.\u00a0<\/em> <em>De quoi alors Faure a-t-il encore peur ? Lui seul pourrait r\u00e9pondre \u00e0 cette question. En attendant, ce n\u2019est pas en donnant le sentiment d\u2019instrumentaliser la Justice contre un adversaire d\u00e9j\u00e0 vaincu, qu\u2019il rendra sa r\u00e9\u00e9lection beaucoup plus propre et plus cr\u00e9dible aux yeux de certains observateurs. Surtout avec le score stalinien qui semble avoir \u00e9t\u00e9 taill\u00e9 sur mesure. Au contraire, cela ne fera qu\u2019assombrir une victoire aux fortes exhalaisons de fraude, dans une \u00e9lection qui aura \u00e9t\u00e9 loin de donner toutes les garanties de transparence et d\u2019\u00e9quit\u00e9. Pour quelqu\u2019un qui briguait un quatri\u00e8me mandat, Faure ne pouvait que rendre une p\u00e2le copie de la d\u00e9mocratie qu\u2019il pr\u00e9tend d\u00e9fendre dans son pays. Esp\u00e9rons que Gnassingb\u00e9 fils entendra le cri du c\u0153ur des Ev\u00eaques en remettant en libert\u00e9 le sieur Agbeyom\u00e9.<\/em><\/p>\n<p class=\"c3\"><strong><em>\u00ab\u00a0Le Pays\u00a0\u00bb<\/em><\/strong><\/p>\n<p>Auteur: Le Pays<br \/>\n<a href=\"http:\/\/lepays.bf\/appel-a-la-liberation-de-agbeyome-kodjo-au-togo\/\">Cliquez ici pour lire l&rsquo;article depuis sa source.<\/a><\/p>\n","protected":false},"excerpt":{"rendered":"<p>Apr\u00e8s la lev\u00e9e, le 16 mars dernier, de son immunit\u00e9 parlementaire, le candidat malheureux \u00e0 la pr\u00e9sidentielle togolaise, Gabriel Agbeyom\u00e9 Kodjo, accus\u00e9 de troubles aggrav\u00e9s \u00e0 l\u2019ordre public, d\u00e9nonciations calomnieuses et atteinte \u00e0 la s\u00e9curit\u00e9 int\u00e9rieure de l\u2019Etat, a \u00e9t\u00e9 finalement arr\u00eat\u00e9. L\u2019ancien Premier ministre de Gnassingb\u00e9 p\u00e8re, proclam\u00e9 deuxi\u00e8me, derri\u00e8re le chef de l\u2019Etat, [&hellip;]<\/p>\n","protected":false},"author":1813,"featured_media":0,"comment_status":"closed","ping_status":"closed","sticky":false,"template":"","format":"standard","meta":{"fifu_image_url":"","fifu_image_alt":"","footnotes":""},"categories":[73,81],"tags":[],"class_list":["post-83153","post","type-post","status-publish","format-standard","hentry","category-actualite","category-burkina-faso"],"_links":{"self":[{"href":"https:\/\/linitiative.ca\/International\/wp-json\/wp\/v2\/posts\/83153","targetHints":{"allow":["GET"]}}],"collection":[{"href":"https:\/\/linitiative.ca\/International\/wp-json\/wp\/v2\/posts"}],"about":[{"href":"https:\/\/linitiative.ca\/International\/wp-json\/wp\/v2\/types\/post"}],"author":[{"embeddable":true,"href":"https:\/\/linitiative.ca\/International\/wp-json\/wp\/v2\/users\/1813"}],"replies":[{"embeddable":true,"href":"https:\/\/linitiative.ca\/International\/wp-json\/wp\/v2\/comments?post=83153"}],"version-history":[{"count":0,"href":"https:\/\/linitiative.ca\/International\/wp-json\/wp\/v2\/posts\/83153\/revisions"}],"wp:attachment":[{"href":"https:\/\/linitiative.ca\/International\/wp-json\/wp\/v2\/media?parent=83153"}],"wp:term":[{"taxonomy":"category","embeddable":true,"href":"https:\/\/linitiative.ca\/International\/wp-json\/wp\/v2\/categories?post=83153"},{"taxonomy":"post_tag","embeddable":true,"href":"https:\/\/linitiative.ca\/International\/wp-json\/wp\/v2\/tags?post=83153"}],"curies":[{"name":"wp","href":"https:\/\/api.w.org\/{rel}","templated":true}]}}