{"id":83155,"date":"2020-04-22T11:03:31","date_gmt":"2020-04-22T15:03:31","guid":{"rendered":"https:\/\/linitiative.ca\/International\/journee-mondiale-de-la-terre-le-message-du-president-faso\/"},"modified":"2020-04-22T11:03:31","modified_gmt":"2020-04-22T15:03:31","slug":"journee-mondiale-de-la-terre-le-message-du-president-faso","status":"publish","type":"post","link":"https:\/\/linitiative.ca\/International\/journee-mondiale-de-la-terre-le-message-du-president-faso\/","title":{"rendered":"Journ\u00e9e mondiale de la terre: \u00a0Le message du pr\u00e9sident Faso"},"content":{"rendered":"<div class=\"td-post-sharing-top td-post-sharing td-ps-bg td-ps-padding td-ps-bar td-post-sharing-style6\">\n<div class=\"td-post-sharing-visible\"><a class=\"td-social-sharing-button td-social-sharing-button-js td-social-network td-social-facebook\" href=\"https:\/\/www.facebook.com\/sharer.php?u=https%3A%2F%2Fwww.sidwaya.info%2Fblog%2F2020%2F04%2F22%2Fjournee-mondiale-de-la-terre-le-message-du-president-faso%2F\"\/><\/p>\n<p>Facebook<\/p>\n<p><a class=\"td-social-sharing-button td-social-sharing-button-js td-social-network td-social-twitter\" href=\"https:\/\/twitter.com\/intent\/tweet?text=Journ%C3%A9e+mondiale+de+la+terre%3A+%C2%A0Le+message+du+pr%C3%A9sident+Faso&amp;url=https%3A%2F%2Fwww.sidwaya.info%2Fblog%2F2020%2F04%2F22%2Fjournee-mondiale-de-la-terre-le-message-du-president-faso%2F&amp;via=Quotidien+Sidwaya\"\/><\/p>\n<p>Twitter<\/p>\n<p><a class=\"td-social-sharing-button td-social-sharing-button-js td-social-network td-social-pinterest\" href=\"https:\/\/pinterest.com\/pin\/create\/button\/?url=https:\/\/www.sidwaya.info\/blog\/2020\/04\/22\/journee-mondiale-de-la-terre-le-message-du-president-faso\/&amp;media=https:\/\/www.sidwaya.info\/wp-content\/uploads\/2020\/04\/rc.jpg&amp;description=Journ%C3%A9e+mondiale+de+la+terre%3A+%C2%A0Le+message+du+pr%C3%A9sident+Faso\"\/><\/p>\n<p>Pinterest<\/p>\n<p><a class=\"td-social-sharing-button td-social-sharing-button-js td-social-network td-social-whatsapp\" href=\"whatsapp:\/\/send?text=Journ%C3%A9e+mondiale+de+la+terre%3A+%C2%A0Le+message+du+pr%C3%A9sident+Faso%20%0A%0A%20https:\/\/www.sidwaya.info\/blog\/2020\/04\/22\/journee-mondiale-de-la-terre-le-message-du-president-faso\/\"\/><\/p>\n<p>WhatsApp<\/p>\n<p><a class=\"td-social-sharing-button td-social-sharing-button-js td-social-network td-social-linkedin\" href=\"https:\/\/www.linkedin.com\/shareArticle?mini=true&amp;url=https:\/\/www.sidwaya.info\/blog\/2020\/04\/22\/journee-mondiale-de-la-terre-le-message-du-president-faso\/&amp;title=Journ%C3%A9e+mondiale+de+la+terre%3A+%C2%A0Le+message+du+pr%C3%A9sident+Faso\"\/><\/p>\n<p>Linkedin<\/p>\n<p><a class=\"td-social-sharing-button td-social-sharing-button-js td-social-network td-social-mail\" href=\"mailto:?subject=Journ%C3%A9e%20mondiale%20de%20la%20terre:%20%C2%A0Le%20message%20du%20pr%C3%A9sident%20Faso&amp;body=https:\/\/www.sidwaya.info\/blog\/2020\/04\/22\/journee-mondiale-de-la-terre-le-message-du-president-faso\/\"\/><\/p>\n<p>Email<\/p>\n<p><a class=\"td-social-sharing-button td-social-sharing-button-js td-social-network td-social-print\" href=\"#\"\/><\/p>\n<p>Print<\/p>\n<p><a class=\"td-social-sharing-button td-social-sharing-button-js td-social-network td-social-tumblr\" href=\"https:\/\/www.tumblr.com\/share\/link?url=https:\/\/www.sidwaya.info\/blog\/2020\/04\/22\/journee-mondiale-de-la-terre-le-message-du-president-faso\/&amp;name=Journ%C3%A9e%20mondiale%20de%20la%20terre:%20%C2%A0Le%20message%20du%20pr%C3%A9sident%20Faso\"\/><\/p>\n<p>Tumblr<\/p>\n<p><a class=\"td-social-sharing-button td-social-sharing-button-js td-social-network td-social-telegram\" href=\"https:\/\/telegram.me\/share\/url?url=https:\/\/www.sidwaya.info\/blog\/2020\/04\/22\/journee-mondiale-de-la-terre-le-message-du-president-faso\/&amp;text=Journ%C3%A9e+mondiale+de+la+terre%3A+%C2%A0Le+message+du+pr%C3%A9sident+Faso\"\/><\/p>\n<p>Telegram<\/p>\n<p><a class=\"td-social-sharing-button td-social-sharing-button-js td-social-network td-social-viber\" href=\"viber:\/\/forward?text=Journ%C3%A9e+mondiale+de+la+terre%3A+%C2%A0Le+message+du+pr%C3%A9sident+Faso%20https:\/\/www.sidwaya.info\/blog\/2020\/04\/22\/journee-mondiale-de-la-terre-le-message-du-president-faso\/\"\/><\/p>\n<p>Viber<\/p>\n<p><a class=\"td-social-sharing-button td-social-sharing-button-js td-social-network td-social-naver\" href=\"https:\/\/share.naver.com\/web\/shareView.nhn?url=https:\/\/www.sidwaya.info\/blog\/2020\/04\/22\/journee-mondiale-de-la-terre-le-message-du-president-faso\/&amp;title=Journ%C3%A9e+mondiale+de+la+terre%3A+%C2%A0Le+message+du+pr%C3%A9sident+Faso\"\/><\/p>\n<p>Naver<\/p>\n<\/div>\n<\/div>\n<div class=\"td-post-content tagdiv-type\" readability=\"46\">\n<div class=\"td-post-featured-image\"><a href=\"https:\/\/i2.wp.com\/www.sidwaya.info\/wp-content\/uploads\/2020\/04\/rc.jpg?fit=800%2C533&amp;ssl=1\" data-caption=\"\"><img loading=\"lazy\" decoding=\"async\" width=\"696\" height=\"464\" class=\"entry-thumb td-modal-image\" src=\"https:\/\/i2.wp.com\/www.sidwaya.info\/wp-content\/uploads\/2020\/04\/rc.jpg?resize=696%2C464&amp;ssl=1\" srcset=\"https:\/\/i2.wp.com\/www.sidwaya.info\/wp-content\/uploads\/2020\/04\/rc.jpg?w=800&amp;ssl=1 800w, https:\/\/i2.wp.com\/www.sidwaya.info\/wp-content\/uploads\/2020\/04\/rc.jpg?resize=300%2C200&amp;ssl=1 300w, https:\/\/i2.wp.com\/www.sidwaya.info\/wp-content\/uploads\/2020\/04\/rc.jpg?resize=768%2C512&amp;ssl=1 768w, https:\/\/i2.wp.com\/www.sidwaya.info\/wp-content\/uploads\/2020\/04\/rc.jpg?resize=696%2C464&amp;ssl=1 696w, https:\/\/i2.wp.com\/www.sidwaya.info\/wp-content\/uploads\/2020\/04\/rc.jpg?resize=630%2C420&amp;ssl=1 630w, https:\/\/i2.wp.com\/www.sidwaya.info\/wp-content\/uploads\/2020\/04\/rc.jpg?resize=600%2C400&amp;ssl=1 600w\" sizes=\"auto, (max-width: 696px) 100vw, 696px\" alt=\"\" title=\"rc\"\/><\/a><\/div>\n<p>Le message du pr\u00e9sident Faso \u00e0 l\u2019occasion de la 50 e journ\u00e9e mondiale de la terre<\/p>\n<p>\u00ab\u00a0Ce 22 avril 2020, est comm\u00e9mor\u00e9e la 50e Journ\u00e9e mondiale de la Terre sous le th\u00e8me\u00a0: \u00ab L\u2019action climatique, le plus grand d\u00e9\ufb01 pour l\u2019avenir de l\u2019humanit\u00e9 \u00bb. C\u2019est un moment d\u2019interpellation pour nous sur l\u2019urgence climatique. Jamais notre plan\u00e8te n\u2019a \u00e9t\u00e9 autant menac\u00e9e par l\u2019action de l\u2019Homme, comme ces derni\u00e8res d\u00e9cennies.\u00a0Il nous faut donc interroger nos paradigmes de d\u00e9veloppement au risque de voir notre monde courir \u00e0 sa perte. Je loue la r\u00e9silience des populations africaines, en particulier le monde paysan, qui fait montre d\u2019une formidable capacit\u00e9 d\u2019adaptation dans un environnement de plus en plus hostile. Le temps est \u00e0 l\u2019action, et la communaut\u00e9 internationale est plus que jamais interpel\u00e9e\u00a0\u00bb.<\/p>\n<p>Roch Marc Christian Kabor\u00e9, pr\u00e9sident du Faso.<\/p>\n<div class=\"td-a-rec td-a-rec-id-content_bottom tdi_30_bce td_block_template_1\"><img loading=\"lazy\" decoding=\"async\" class=\"aligncenter size-full wp-image-9623\" src=\"https:\/\/www.sidwaya.info\/wp-content\/uploads\/2019\/06\/Projet-bannie%CC%80re-Orange-mobile.jpg\" alt=\"\" width=\"728\" height=\"81\"\/><\/div>\n<\/div>\n<footer>\n<div class=\"td-post-sharing-bottom\">\n<p><iframe frameborder=\"0\" src=\"https:\/\/www.facebook.com\/plugins\/like.php?href=https:\/\/www.sidwaya.info\/blog\/2020\/04\/22\/journee-mondiale-de-la-terre-le-message-du-president-faso\/&amp;layout=button_count&amp;show_faces=false&amp;width=105&amp;action=like&amp;colorscheme=light&amp;height=21\" class=\"c1\">[embedded content]<\/iframe><\/p>\n<div id=\"td_social_sharing_article_bottom\" class=\"td-post-sharing td-ps-bg td-ps-padding td-post-sharing-style7\">\n<div class=\"td-post-sharing-visible\"><a class=\"td-social-sharing-button td-social-sharing-button-js td-social-network td-social-facebook\" href=\"https:\/\/www.facebook.com\/sharer.php?u=https%3A%2F%2Fwww.sidwaya.info%2Fblog%2F2020%2F04%2F22%2Fjournee-mondiale-de-la-terre-le-message-du-president-faso%2F\"\/><\/p>\n<p>Facebook<\/p>\n<p><a class=\"td-social-sharing-button td-social-sharing-button-js td-social-network td-social-twitter\" href=\"https:\/\/twitter.com\/intent\/tweet?text=Journ%C3%A9e+mondiale+de+la+terre%3A+%C2%A0Le+message+du+pr%C3%A9sident+Faso&amp;url=https%3A%2F%2Fwww.sidwaya.info%2Fblog%2F2020%2F04%2F22%2Fjournee-mondiale-de-la-terre-le-message-du-president-faso%2F&amp;via=Quotidien+Sidwaya\"\/><\/p>\n<p>Twitter<\/p>\n<p><a class=\"td-social-sharing-button td-social-sharing-button-js td-social-network td-social-pinterest\" href=\"https:\/\/pinterest.com\/pin\/create\/button\/?url=https:\/\/www.sidwaya.info\/blog\/2020\/04\/22\/journee-mondiale-de-la-terre-le-message-du-president-faso\/&amp;media=https:\/\/www.sidwaya.info\/wp-content\/uploads\/2020\/04\/rc.jpg&amp;description=Journ%C3%A9e+mondiale+de+la+terre%3A+%C2%A0Le+message+du+pr%C3%A9sident+Faso\"\/><\/p>\n<p>Pinterest<\/p>\n<p><a class=\"td-social-sharing-button td-social-sharing-button-js td-social-network td-social-whatsapp\" href=\"whatsapp:\/\/send?text=Journ%C3%A9e+mondiale+de+la+terre%3A+%C2%A0Le+message+du+pr%C3%A9sident+Faso%20%0A%0A%20https:\/\/www.sidwaya.info\/blog\/2020\/04\/22\/journee-mondiale-de-la-terre-le-message-du-president-faso\/\"\/><\/p>\n<p>WhatsApp<\/p>\n<p><a class=\"td-social-sharing-button td-social-sharing-button-js td-social-network td-social-linkedin\" href=\"https:\/\/www.linkedin.com\/shareArticle?mini=true&amp;url=https:\/\/www.sidwaya.info\/blog\/2020\/04\/22\/journee-mondiale-de-la-terre-le-message-du-president-faso\/&amp;title=Journ%C3%A9e+mondiale+de+la+terre%3A+%C2%A0Le+message+du+pr%C3%A9sident+Faso\"\/><\/p>\n<p>Linkedin<\/p>\n<p><a class=\"td-social-sharing-button td-social-sharing-button-js td-social-network td-social-mail\" href=\"mailto:?subject=Journ%C3%A9e%20mondiale%20de%20la%20terre:%20%C2%A0Le%20message%20du%20pr%C3%A9sident%20Faso&amp;body=https:\/\/www.sidwaya.info\/blog\/2020\/04\/22\/journee-mondiale-de-la-terre-le-message-du-president-faso\/\"\/><\/p>\n<p>Email<\/p>\n<p><a class=\"td-social-sharing-button td-social-sharing-button-js td-social-network td-social-print\" href=\"#\"\/><\/p>\n<p>Print<\/p>\n<p><a class=\"td-social-sharing-button td-social-sharing-button-js td-social-network td-social-tumblr\" href=\"https:\/\/www.tumblr.com\/share\/link?url=https:\/\/www.sidwaya.info\/blog\/2020\/04\/22\/journee-mondiale-de-la-terre-le-message-du-president-faso\/&amp;name=Journ%C3%A9e%20mondiale%20de%20la%20terre:%20%C2%A0Le%20message%20du%20pr%C3%A9sident%20Faso\"\/><\/p>\n<p>Tumblr<\/p>\n<p><a class=\"td-social-sharing-button td-social-sharing-button-js td-social-network td-social-telegram\" href=\"https:\/\/telegram.me\/share\/url?url=https:\/\/www.sidwaya.info\/blog\/2020\/04\/22\/journee-mondiale-de-la-terre-le-message-du-president-faso\/&amp;text=Journ%C3%A9e+mondiale+de+la+terre%3A+%C2%A0Le+message+du+pr%C3%A9sident+Faso\"\/><\/p>\n<p>Telegram<\/p>\n<p><a class=\"td-social-sharing-button td-social-sharing-button-js td-social-network td-social-viber\" href=\"viber:\/\/forward?text=Journ%C3%A9e+mondiale+de+la+terre%3A+%C2%A0Le+message+du+pr%C3%A9sident+Faso%20https:\/\/www.sidwaya.info\/blog\/2020\/04\/22\/journee-mondiale-de-la-terre-le-message-du-president-faso\/\"\/><\/p>\n<p>Viber<\/p>\n<p><a class=\"td-social-sharing-button td-social-sharing-button-js td-social-network td-social-naver\" href=\"https:\/\/share.naver.com\/web\/shareView.nhn?url=https:\/\/www.sidwaya.info\/blog\/2020\/04\/22\/journee-mondiale-de-la-terre-le-message-du-president-faso\/&amp;title=Journ%C3%A9e+mondiale+de+la+terre%3A+%C2%A0Le+message+du+pr%C3%A9sident+Faso\"\/><\/p>\n<p>Naver<\/p>\n<\/div>\n<\/div>\n<\/div>\n<div class=\"td-block-row td-post-next-prev\">\n<div class=\"td-block-span6 td-post-prev-post td-post-next-prev-content\"><span>Article pr\u00e9c\u00e9dent<\/span><a href=\"https:\/\/www.sidwaya.info\/blog\/2020\/04\/22\/soyons-disciplines\/\">Soyons disciplin\u00e9s\u00a0!<\/a><\/div>\n<div class=\"td-block-span6 td-post-next-post td-post-next-prev-content\"><span>Article suivant<\/span><a href=\"https:\/\/www.sidwaya.info\/blog\/2020\/04\/22\/covid-19-au-burkina-faso-9-nouveaux-cas-confirmes-27-guerisons-et-1-deces-a-la-date-du-21-avril-2020\/\">Covid-19 au Burkina Faso: 9 nouveaux cas confirm\u00e9s, 27 gu\u00e9risons et 1 d\u00e9c\u00e8s \u00e0\u00a0la date du 21 avril 2020<\/a><\/div>\n<\/div>\n<\/footer>\n<p>Auteur: BS. Sidwaya<br \/>\n<a href=\"https:\/\/www.sidwaya.info\/blog\/2020\/04\/22\/journee-mondiale-de-la-terre-le-message-du-president-faso\/\">Cliquez ici pour lire l&rsquo;article depuis sa source.<\/a><\/p>\n","protected":false},"excerpt":{"rendered":"<p>Facebook Twitter Pinterest WhatsApp Linkedin Email Print Tumblr Telegram Viber Naver Le message du pr\u00e9sident Faso \u00e0 l\u2019occasion de la 50 e journ\u00e9e mondiale de la terre \u00ab\u00a0Ce 22 avril 2020, est comm\u00e9mor\u00e9e la 50e Journ\u00e9e mondiale de la Terre sous le th\u00e8me\u00a0: \u00ab L\u2019action climatique, le plus grand d\u00e9\ufb01 pour l\u2019avenir de l\u2019humanit\u00e9 \u00bb. [&hellip;]<\/p>\n","protected":false},"author":1816,"featured_media":0,"comment_status":"closed","ping_status":"closed","sticky":false,"template":"","format":"standard","meta":{"fifu_image_url":"","fifu_image_alt":"","footnotes":""},"categories":[73,81],"tags":[],"class_list":["post-83155","post","type-post","status-publish","format-standard","hentry","category-actualite","category-burkina-faso"],"_links":{"self":[{"href":"https:\/\/linitiative.ca\/International\/wp-json\/wp\/v2\/posts\/83155","targetHints":{"allow":["GET"]}}],"collection":[{"href":"https:\/\/linitiative.ca\/International\/wp-json\/wp\/v2\/posts"}],"about":[{"href":"https:\/\/linitiative.ca\/International\/wp-json\/wp\/v2\/types\/post"}],"author":[{"embeddable":true,"href":"https:\/\/linitiative.ca\/International\/wp-json\/wp\/v2\/users\/1816"}],"replies":[{"embeddable":true,"href":"https:\/\/linitiative.ca\/International\/wp-json\/wp\/v2\/comments?post=83155"}],"version-history":[{"count":0,"href":"https:\/\/linitiative.ca\/International\/wp-json\/wp\/v2\/posts\/83155\/revisions"}],"wp:attachment":[{"href":"https:\/\/linitiative.ca\/International\/wp-json\/wp\/v2\/media?parent=83155"}],"wp:term":[{"taxonomy":"category","embeddable":true,"href":"https:\/\/linitiative.ca\/International\/wp-json\/wp\/v2\/categories?post=83155"},{"taxonomy":"post_tag","embeddable":true,"href":"https:\/\/linitiative.ca\/International\/wp-json\/wp\/v2\/tags?post=83155"}],"curies":[{"name":"wp","href":"https:\/\/api.w.org\/{rel}","templated":true}]}}