{"id":83156,"date":"2020-04-22T14:20:05","date_gmt":"2020-04-22T18:20:05","guid":{"rendered":"https:\/\/linitiative.ca\/International\/covid-19-au-burkina-faso-9-nouveaux-cas-confirmes-27-guerisons-et-1-deces-a-la-date-du-21-avril-2020\/"},"modified":"2020-04-22T14:20:05","modified_gmt":"2020-04-22T18:20:05","slug":"covid-19-au-burkina-faso-9-nouveaux-cas-confirmes-27-guerisons-et-1-deces-a-la-date-du-21-avril-2020","status":"publish","type":"post","link":"https:\/\/linitiative.ca\/International\/covid-19-au-burkina-faso-9-nouveaux-cas-confirmes-27-guerisons-et-1-deces-a-la-date-du-21-avril-2020\/","title":{"rendered":"Covid-19 au Burkina Faso: 9 nouveaux cas confirm\u00e9s, 27 gu\u00e9risons et 1 d\u00e9c\u00e8s \u00e0\u00a0la date du 21 avril 2020"},"content":{"rendered":"<div class=\"td-post-sharing-top td-post-sharing td-ps-bg td-ps-padding td-ps-bar td-post-sharing-style6\">\n<div class=\"td-post-sharing-visible\"><a class=\"td-social-sharing-button td-social-sharing-button-js td-social-network td-social-facebook\" href=\"https:\/\/www.facebook.com\/sharer.php?u=https%3A%2F%2Fwww.sidwaya.info%2Fblog%2F2020%2F04%2F22%2Fcovid-19-au-burkina-faso-9-nouveaux-cas-confirmes-27-guerisons-et-1-deces-a-la-date-du-21-avril-2020%2F\"\/><\/p>\n<p>Facebook<\/p>\n<p><a class=\"td-social-sharing-button td-social-sharing-button-js td-social-network td-social-twitter\" href=\"https:\/\/twitter.com\/intent\/tweet?text=Covid-19+au+Burkina+Faso%3A+9+nouveaux+cas+confirm%C3%A9s%2C+27+gu%C3%A9risons+et+1+d%C3%A9c%C3%A8s+%C3%A0%C2%A0la+date+du+21+avril+2020&amp;url=https%3A%2F%2Fwww.sidwaya.info%2Fblog%2F2020%2F04%2F22%2Fcovid-19-au-burkina-faso-9-nouveaux-cas-confirmes-27-guerisons-et-1-deces-a-la-date-du-21-avril-2020%2F&amp;via=Quotidien+Sidwaya\"\/><\/p>\n<p>Twitter<\/p>\n<p><a class=\"td-social-sharing-button td-social-sharing-button-js td-social-network td-social-pinterest\" href=\"https:\/\/pinterest.com\/pin\/create\/button\/?url=https:\/\/www.sidwaya.info\/blog\/2020\/04\/22\/covid-19-au-burkina-faso-9-nouveaux-cas-confirmes-27-guerisons-et-1-deces-a-la-date-du-21-avril-2020\/&amp;media=https:\/\/www.sidwaya.info\/wp-content\/uploads\/2020\/04\/stop-covid19-sign-symbol-vector-260nw-1666725613.jpg&amp;description=Covid-19+au+Burkina+Faso%3A+9+nouveaux+cas+confirm%C3%A9s%2C+27+gu%C3%A9risons+et+1+d%C3%A9c%C3%A8s+%C3%A0%C2%A0la+date+du+21+avril+2020\"\/><\/p>\n<p>Pinterest<\/p>\n<p><a class=\"td-social-sharing-button td-social-sharing-button-js td-social-network td-social-whatsapp\" href=\"whatsapp:\/\/send?text=Covid-19+au+Burkina+Faso%3A+9+nouveaux+cas+confirm%C3%A9s%2C+27+gu%C3%A9risons+et+1+d%C3%A9c%C3%A8s+%C3%A0%C2%A0la+date+du+21+avril+2020%20%0A%0A%20https:\/\/www.sidwaya.info\/blog\/2020\/04\/22\/covid-19-au-burkina-faso-9-nouveaux-cas-confirmes-27-guerisons-et-1-deces-a-la-date-du-21-avril-2020\/\"\/><\/p>\n<p>WhatsApp<\/p>\n<p><a class=\"td-social-sharing-button td-social-sharing-button-js td-social-network td-social-linkedin\" href=\"https:\/\/www.linkedin.com\/shareArticle?mini=true&amp;url=https:\/\/www.sidwaya.info\/blog\/2020\/04\/22\/covid-19-au-burkina-faso-9-nouveaux-cas-confirmes-27-guerisons-et-1-deces-a-la-date-du-21-avril-2020\/&amp;title=Covid-19+au+Burkina+Faso%3A+9+nouveaux+cas+confirm%C3%A9s%2C+27+gu%C3%A9risons+et+1+d%C3%A9c%C3%A8s+%C3%A0%C2%A0la+date+du+21+avril+2020\"\/><\/p>\n<p>Linkedin<\/p>\n<p><a class=\"td-social-sharing-button td-social-sharing-button-js td-social-network td-social-mail\" href=\"mailto:?subject=Covid-19%20au%20Burkina%20Faso:%209%20nouveaux%20cas%20confirm%C3%A9s,%2027%20gu%C3%A9risons%20et%201%20d%C3%A9c%C3%A8s%20%C3%A0%C2%A0la%20date%20du%2021%20avril%202020&amp;body=https:\/\/www.sidwaya.info\/blog\/2020\/04\/22\/covid-19-au-burkina-faso-9-nouveaux-cas-confirmes-27-guerisons-et-1-deces-a-la-date-du-21-avril-2020\/\"\/><\/p>\n<p>Email<\/p>\n<p><a class=\"td-social-sharing-button td-social-sharing-button-js td-social-network td-social-print\" href=\"#\"\/><\/p>\n<p>Print<\/p>\n<p><a class=\"td-social-sharing-button td-social-sharing-button-js td-social-network td-social-tumblr\" href=\"https:\/\/www.tumblr.com\/share\/link?url=https:\/\/www.sidwaya.info\/blog\/2020\/04\/22\/covid-19-au-burkina-faso-9-nouveaux-cas-confirmes-27-guerisons-et-1-deces-a-la-date-du-21-avril-2020\/&amp;name=Covid-19%20au%20Burkina%20Faso:%209%20nouveaux%20cas%20confirm%C3%A9s,%2027%20gu%C3%A9risons%20et%201%20d%C3%A9c%C3%A8s%20%C3%A0%C2%A0la%20date%20du%2021%20avril%202020\"\/><\/p>\n<p>Tumblr<\/p>\n<p><a class=\"td-social-sharing-button td-social-sharing-button-js td-social-network td-social-telegram\" href=\"https:\/\/telegram.me\/share\/url?url=https:\/\/www.sidwaya.info\/blog\/2020\/04\/22\/covid-19-au-burkina-faso-9-nouveaux-cas-confirmes-27-guerisons-et-1-deces-a-la-date-du-21-avril-2020\/&amp;text=Covid-19+au+Burkina+Faso%3A+9+nouveaux+cas+confirm%C3%A9s%2C+27+gu%C3%A9risons+et+1+d%C3%A9c%C3%A8s+%C3%A0%C2%A0la+date+du+21+avril+2020\"\/><\/p>\n<p>Telegram<\/p>\n<p><a class=\"td-social-sharing-button td-social-sharing-button-js td-social-network td-social-viber\" href=\"viber:\/\/forward?text=Covid-19+au+Burkina+Faso%3A+9+nouveaux+cas+confirm%C3%A9s%2C+27+gu%C3%A9risons+et+1+d%C3%A9c%C3%A8s+%C3%A0%C2%A0la+date+du+21+avril+2020%20https:\/\/www.sidwaya.info\/blog\/2020\/04\/22\/covid-19-au-burkina-faso-9-nouveaux-cas-confirmes-27-guerisons-et-1-deces-a-la-date-du-21-avril-2020\/\"\/><\/p>\n<p>Viber<\/p>\n<p><a class=\"td-social-sharing-button td-social-sharing-button-js td-social-network td-social-naver\" href=\"https:\/\/share.naver.com\/web\/shareView.nhn?url=https:\/\/www.sidwaya.info\/blog\/2020\/04\/22\/covid-19-au-burkina-faso-9-nouveaux-cas-confirmes-27-guerisons-et-1-deces-a-la-date-du-21-avril-2020\/&amp;title=Covid-19+au+Burkina+Faso%3A+9+nouveaux+cas+confirm%C3%A9s%2C+27+gu%C3%A9risons+et+1+d%C3%A9c%C3%A8s+%C3%A0%C2%A0la+date+du+21+avril+2020\"\/><\/p>\n<p>Naver<\/p>\n<\/div>\n<\/div>\n<div class=\"td-post-content tagdiv-type\" readability=\"52\">\n<div class=\"td-post-featured-image\"><a href=\"https:\/\/i0.wp.com\/www.sidwaya.info\/wp-content\/uploads\/2020\/04\/stop-covid19-sign-symbol-vector-260nw-1666725613.jpg?fit=462%2C341&amp;ssl=1\" data-caption=\"\"><img loading=\"lazy\" decoding=\"async\" width=\"462\" height=\"341\" class=\"entry-thumb td-modal-image\" src=\"https:\/\/i0.wp.com\/www.sidwaya.info\/wp-content\/uploads\/2020\/04\/stop-covid19-sign-symbol-vector-260nw-1666725613.jpg?resize=462%2C341&amp;ssl=1\" srcset=\"https:\/\/i0.wp.com\/www.sidwaya.info\/wp-content\/uploads\/2020\/04\/stop-covid19-sign-symbol-vector-260nw-1666725613.jpg?w=462&amp;ssl=1 462w, https:\/\/i0.wp.com\/www.sidwaya.info\/wp-content\/uploads\/2020\/04\/stop-covid19-sign-symbol-vector-260nw-1666725613.jpg?resize=300%2C221&amp;ssl=1 300w, https:\/\/i0.wp.com\/www.sidwaya.info\/wp-content\/uploads\/2020\/04\/stop-covid19-sign-symbol-vector-260nw-1666725613.jpg?resize=80%2C60&amp;ssl=1 80w\" sizes=\"auto, (max-width: 462px) 100vw, 462px\" alt=\"\" title=\"stop-covid19-sign-symbol-vector-260nw-1666725613\"\/><\/a><\/div>\n<p>A la date du 21 avril 2020, la situation de la maladie \u00e0 Coronavirus au Burkina Faso se pr\u00e9sente comme suit :<\/p>\n<p>-73 \u00e9chantillons analys\u00e9s dont 31 cas suspects et 42 contr\u00f4les ;<\/p>\n<p>-09 nouveaux cas confirm\u00e9s tous \u00e0 Ouagadougou ;<\/p>\n<p>-27 gu\u00e9risons, portant \u00e0 389, le total des gu\u00e9risons ;<\/p>\n<p>-01 d\u00e9c\u00e8s portant \u00e0 39, le total des d\u00e9c\u00e8s.<\/p>\n<p>Aujourd\u2019hui 181 cas sont tous sous traitement.<\/p>\n<p>Ainsi depuis le 09 mars 2020, 609 cas ont \u00e9t\u00e9 confirm\u00e9s dont 237 femmes et 372 hommes.<\/p>\n<p>Source: communiqu\u00e9 du SIG<\/p>\n<div><img loading=\"lazy\" decoding=\"async\" class=\"alignleft size-full wp-image-21270\" src=\"https:\/\/i2.wp.com\/www.sidwaya.info\/wp-content\/uploads\/2020\/04\/FB_IMG_1587575329090.jpg?resize=696%2C936&amp;ssl=1\" alt=\"\" width=\"696\" height=\"936\" srcset=\"https:\/\/i2.wp.com\/www.sidwaya.info\/wp-content\/uploads\/2020\/04\/FB_IMG_1587575329090.jpg?w=720&amp;ssl=1 720w, https:\/\/i2.wp.com\/www.sidwaya.info\/wp-content\/uploads\/2020\/04\/FB_IMG_1587575329090.jpg?resize=223%2C300&amp;ssl=1 223w, https:\/\/i2.wp.com\/www.sidwaya.info\/wp-content\/uploads\/2020\/04\/FB_IMG_1587575329090.jpg?resize=696%2C936&amp;ssl=1 696w, https:\/\/i2.wp.com\/www.sidwaya.info\/wp-content\/uploads\/2020\/04\/FB_IMG_1587575329090.jpg?resize=312%2C420&amp;ssl=1 312w, https:\/\/i2.wp.com\/www.sidwaya.info\/wp-content\/uploads\/2020\/04\/FB_IMG_1587575329090.jpg?resize=600%2C807&amp;ssl=1 600w\" sizes=\"auto, (max-width: 696px) 100vw, 696px\" data-recalc-dims=\"1\"\/><\/div>\n<div class=\"td-a-rec td-a-rec-id-content_bottom tdi_30_0a3 td_block_template_1\"><img loading=\"lazy\" decoding=\"async\" class=\"aligncenter size-full wp-image-9623\" src=\"https:\/\/www.sidwaya.info\/wp-content\/uploads\/2019\/06\/Projet-bannie%CC%80re-Orange-mobile.jpg\" alt=\"\" width=\"728\" height=\"81\"\/><\/div>\n<\/div>\n<footer>\n<div class=\"td-post-sharing-bottom\">\n<p><iframe frameborder=\"0\" src=\"https:\/\/www.facebook.com\/plugins\/like.php?href=https:\/\/www.sidwaya.info\/blog\/2020\/04\/22\/covid-19-au-burkina-faso-9-nouveaux-cas-confirmes-27-guerisons-et-1-deces-a-la-date-du-21-avril-2020\/&amp;layout=button_count&amp;show_faces=false&amp;width=105&amp;action=like&amp;colorscheme=light&amp;height=21\" class=\"c1\">[embedded content]<\/iframe><\/p>\n<div id=\"td_social_sharing_article_bottom\" class=\"td-post-sharing td-ps-bg td-ps-padding td-post-sharing-style7\">\n<div class=\"td-post-sharing-visible\"><a class=\"td-social-sharing-button td-social-sharing-button-js td-social-network td-social-facebook\" href=\"https:\/\/www.facebook.com\/sharer.php?u=https%3A%2F%2Fwww.sidwaya.info%2Fblog%2F2020%2F04%2F22%2Fcovid-19-au-burkina-faso-9-nouveaux-cas-confirmes-27-guerisons-et-1-deces-a-la-date-du-21-avril-2020%2F\"\/><\/p>\n<p>Facebook<\/p>\n<p><a class=\"td-social-sharing-button td-social-sharing-button-js td-social-network td-social-twitter\" href=\"https:\/\/twitter.com\/intent\/tweet?text=Covid-19+au+Burkina+Faso%3A+9+nouveaux+cas+confirm%C3%A9s%2C+27+gu%C3%A9risons+et+1+d%C3%A9c%C3%A8s+%C3%A0%C2%A0la+date+du+21+avril+2020&amp;url=https%3A%2F%2Fwww.sidwaya.info%2Fblog%2F2020%2F04%2F22%2Fcovid-19-au-burkina-faso-9-nouveaux-cas-confirmes-27-guerisons-et-1-deces-a-la-date-du-21-avril-2020%2F&amp;via=Quotidien+Sidwaya\"\/><\/p>\n<p>Twitter<\/p>\n<p><a class=\"td-social-sharing-button td-social-sharing-button-js td-social-network td-social-pinterest\" href=\"https:\/\/pinterest.com\/pin\/create\/button\/?url=https:\/\/www.sidwaya.info\/blog\/2020\/04\/22\/covid-19-au-burkina-faso-9-nouveaux-cas-confirmes-27-guerisons-et-1-deces-a-la-date-du-21-avril-2020\/&amp;media=https:\/\/www.sidwaya.info\/wp-content\/uploads\/2020\/04\/stop-covid19-sign-symbol-vector-260nw-1666725613.jpg&amp;description=Covid-19+au+Burkina+Faso%3A+9+nouveaux+cas+confirm%C3%A9s%2C+27+gu%C3%A9risons+et+1+d%C3%A9c%C3%A8s+%C3%A0%C2%A0la+date+du+21+avril+2020\"\/><\/p>\n<p>Pinterest<\/p>\n<p><a class=\"td-social-sharing-button td-social-sharing-button-js td-social-network td-social-whatsapp\" href=\"whatsapp:\/\/send?text=Covid-19+au+Burkina+Faso%3A+9+nouveaux+cas+confirm%C3%A9s%2C+27+gu%C3%A9risons+et+1+d%C3%A9c%C3%A8s+%C3%A0%C2%A0la+date+du+21+avril+2020%20%0A%0A%20https:\/\/www.sidwaya.info\/blog\/2020\/04\/22\/covid-19-au-burkina-faso-9-nouveaux-cas-confirmes-27-guerisons-et-1-deces-a-la-date-du-21-avril-2020\/\"\/><\/p>\n<p>WhatsApp<\/p>\n<p><a class=\"td-social-sharing-button td-social-sharing-button-js td-social-network td-social-linkedin\" href=\"https:\/\/www.linkedin.com\/shareArticle?mini=true&amp;url=https:\/\/www.sidwaya.info\/blog\/2020\/04\/22\/covid-19-au-burkina-faso-9-nouveaux-cas-confirmes-27-guerisons-et-1-deces-a-la-date-du-21-avril-2020\/&amp;title=Covid-19+au+Burkina+Faso%3A+9+nouveaux+cas+confirm%C3%A9s%2C+27+gu%C3%A9risons+et+1+d%C3%A9c%C3%A8s+%C3%A0%C2%A0la+date+du+21+avril+2020\"\/><\/p>\n<p>Linkedin<\/p>\n<p><a class=\"td-social-sharing-button td-social-sharing-button-js td-social-network td-social-mail\" href=\"mailto:?subject=Covid-19%20au%20Burkina%20Faso:%209%20nouveaux%20cas%20confirm%C3%A9s,%2027%20gu%C3%A9risons%20et%201%20d%C3%A9c%C3%A8s%20%C3%A0%C2%A0la%20date%20du%2021%20avril%202020&amp;body=https:\/\/www.sidwaya.info\/blog\/2020\/04\/22\/covid-19-au-burkina-faso-9-nouveaux-cas-confirmes-27-guerisons-et-1-deces-a-la-date-du-21-avril-2020\/\"\/><\/p>\n<p>Email<\/p>\n<p><a class=\"td-social-sharing-button td-social-sharing-button-js td-social-network td-social-print\" href=\"#\"\/><\/p>\n<p>Print<\/p>\n<p><a class=\"td-social-sharing-button td-social-sharing-button-js td-social-network td-social-tumblr\" href=\"https:\/\/www.tumblr.com\/share\/link?url=https:\/\/www.sidwaya.info\/blog\/2020\/04\/22\/covid-19-au-burkina-faso-9-nouveaux-cas-confirmes-27-guerisons-et-1-deces-a-la-date-du-21-avril-2020\/&amp;name=Covid-19%20au%20Burkina%20Faso:%209%20nouveaux%20cas%20confirm%C3%A9s,%2027%20gu%C3%A9risons%20et%201%20d%C3%A9c%C3%A8s%20%C3%A0%C2%A0la%20date%20du%2021%20avril%202020\"\/><\/p>\n<p>Tumblr<\/p>\n<p><a class=\"td-social-sharing-button td-social-sharing-button-js td-social-network td-social-telegram\" href=\"https:\/\/telegram.me\/share\/url?url=https:\/\/www.sidwaya.info\/blog\/2020\/04\/22\/covid-19-au-burkina-faso-9-nouveaux-cas-confirmes-27-guerisons-et-1-deces-a-la-date-du-21-avril-2020\/&amp;text=Covid-19+au+Burkina+Faso%3A+9+nouveaux+cas+confirm%C3%A9s%2C+27+gu%C3%A9risons+et+1+d%C3%A9c%C3%A8s+%C3%A0%C2%A0la+date+du+21+avril+2020\"\/><\/p>\n<p>Telegram<\/p>\n<p><a class=\"td-social-sharing-button td-social-sharing-button-js td-social-network td-social-viber\" href=\"viber:\/\/forward?text=Covid-19+au+Burkina+Faso%3A+9+nouveaux+cas+confirm%C3%A9s%2C+27+gu%C3%A9risons+et+1+d%C3%A9c%C3%A8s+%C3%A0%C2%A0la+date+du+21+avril+2020%20https:\/\/www.sidwaya.info\/blog\/2020\/04\/22\/covid-19-au-burkina-faso-9-nouveaux-cas-confirmes-27-guerisons-et-1-deces-a-la-date-du-21-avril-2020\/\"\/><\/p>\n<p>Viber<\/p>\n<p><a class=\"td-social-sharing-button td-social-sharing-button-js td-social-network td-social-naver\" href=\"https:\/\/share.naver.com\/web\/shareView.nhn?url=https:\/\/www.sidwaya.info\/blog\/2020\/04\/22\/covid-19-au-burkina-faso-9-nouveaux-cas-confirmes-27-guerisons-et-1-deces-a-la-date-du-21-avril-2020\/&amp;title=Covid-19+au+Burkina+Faso%3A+9+nouveaux+cas+confirm%C3%A9s%2C+27+gu%C3%A9risons+et+1+d%C3%A9c%C3%A8s+%C3%A0%C2%A0la+date+du+21+avril+2020\"\/><\/p>\n<p>Naver<\/p>\n<\/div>\n<\/div>\n<\/div>\n<div class=\"td-block-row td-post-next-prev\">\n<div class=\"td-block-span6 td-post-prev-post td-post-next-prev-content\"><span>Article pr\u00e9c\u00e9dent<\/span><a href=\"https:\/\/www.sidwaya.info\/blog\/2020\/04\/22\/journee-mondiale-de-la-terre-le-message-du-president-faso\/\">Journ\u00e9e mondiale de la terre: \u00a0Le message du pr\u00e9sident Faso<\/a><\/div>\n<div class=\"td-block-span6 td-post-next-post td-post-next-prev-content\"><span>Article suivant<\/span><a href=\"https:\/\/www.sidwaya.info\/blog\/2020\/04\/22\/une-sidwaya-du-23-04-2020\/\">Une sidwaya du 23 04 2020<\/a><\/div>\n<\/div>\n<\/footer>\n<p>Auteur: BS. Sidwaya<br \/>\n<a href=\"https:\/\/www.sidwaya.info\/blog\/2020\/04\/22\/covid-19-au-burkina-faso-9-nouveaux-cas-confirmes-27-guerisons-et-1-deces-a-la-date-du-21-avril-2020\/\">Cliquez ici pour lire l&rsquo;article depuis sa source.<\/a><\/p>\n","protected":false},"excerpt":{"rendered":"<p>Facebook Twitter Pinterest WhatsApp Linkedin Email Print Tumblr Telegram Viber Naver A la date du 21 avril 2020, la situation de la maladie \u00e0 Coronavirus au Burkina Faso se pr\u00e9sente comme suit : -73 \u00e9chantillons analys\u00e9s dont 31 cas suspects et 42 contr\u00f4les ; -09 nouveaux cas confirm\u00e9s tous \u00e0 Ouagadougou ; -27 gu\u00e9risons, portant [&hellip;]<\/p>\n","protected":false},"author":1816,"featured_media":0,"comment_status":"closed","ping_status":"closed","sticky":false,"template":"","format":"standard","meta":{"fifu_image_url":"","fifu_image_alt":"","footnotes":""},"categories":[73,81],"tags":[],"class_list":["post-83156","post","type-post","status-publish","format-standard","hentry","category-actualite","category-burkina-faso"],"_links":{"self":[{"href":"https:\/\/linitiative.ca\/International\/wp-json\/wp\/v2\/posts\/83156","targetHints":{"allow":["GET"]}}],"collection":[{"href":"https:\/\/linitiative.ca\/International\/wp-json\/wp\/v2\/posts"}],"about":[{"href":"https:\/\/linitiative.ca\/International\/wp-json\/wp\/v2\/types\/post"}],"author":[{"embeddable":true,"href":"https:\/\/linitiative.ca\/International\/wp-json\/wp\/v2\/users\/1816"}],"replies":[{"embeddable":true,"href":"https:\/\/linitiative.ca\/International\/wp-json\/wp\/v2\/comments?post=83156"}],"version-history":[{"count":0,"href":"https:\/\/linitiative.ca\/International\/wp-json\/wp\/v2\/posts\/83156\/revisions"}],"wp:attachment":[{"href":"https:\/\/linitiative.ca\/International\/wp-json\/wp\/v2\/media?parent=83156"}],"wp:term":[{"taxonomy":"category","embeddable":true,"href":"https:\/\/linitiative.ca\/International\/wp-json\/wp\/v2\/categories?post=83156"},{"taxonomy":"post_tag","embeddable":true,"href":"https:\/\/linitiative.ca\/International\/wp-json\/wp\/v2\/tags?post=83156"}],"curies":[{"name":"wp","href":"https:\/\/api.w.org\/{rel}","templated":true}]}}