{"id":83159,"date":"2020-04-22T16:18:06","date_gmt":"2020-04-22T20:18:06","guid":{"rendered":"https:\/\/linitiative.ca\/International\/vers-de-nouvelles-elections-legislatives-en-guinee-bissau\/"},"modified":"2020-04-22T16:18:06","modified_gmt":"2020-04-22T20:18:06","slug":"vers-de-nouvelles-elections-legislatives-en-guinee-bissau","status":"publish","type":"post","link":"https:\/\/linitiative.ca\/International\/vers-de-nouvelles-elections-legislatives-en-guinee-bissau\/","title":{"rendered":"Vers de nouvelles \u00e9lections l\u00e9gislatives en Guin\u00e9e Bissau"},"content":{"rendered":"<div readability=\"32\">\n<p>Publi\u00e9 le 22.04.2020 \u00e0 21h18 par APA News<\/p>\n<\/div>\n<div readability=\"96\">\n<p>Le pr\u00e9sident Umaro Sissoco Embalo a appel\u00e9 mercredi le peuple bissau-guin\u00e9en \u00e0 se pr\u00e9parer \u00e0 de nouvelles \u00e9lections l\u00e9gislatives, si l\u2019impasse parlementaire devrait persister.Dans une d\u00e9claration \u00e0 la presse \u00e0 l\u2019issue de sa visite \u00e0 l\u2019\u00e9tat-major des forces arm\u00e9es ce mercredi, Umaro Sissoco Embalo, a d\u00e9clar\u00e9 qu\u2019il dissoudrait le parlement, si la crise perdurait.<\/p>\n<p>\u00ab Je suis diff\u00e9rent de l\u2019ancien pr\u00e9sident Jos\u00e9 M\u00e1rio Vaz. Je n\u2019admettrai donc pas les situations qu\u2019il a admises. Si l\u2019impasse persiste au parlement, je vais, tout simplement, le dissoudre et convoquer de nouvelles \u00e9lections l\u00e9gislatives \u00bb, a averti Umaro Sissoco Embalo.<\/p>\n<p>\u00ab Pour cette raison, je veux \u00e9conomiser l\u2019argent de l\u2019\u00c9tat, c\u2019est-\u00e0-dire que ceux qui ne travaillent pas n\u2019en recevront pas. Si le parlement est bloqu\u00e9 \u00e0 nouveau, ses employ\u00e9s ne percevront pas de salaire \u00bb, a-t-il pr\u00e9venu, ajoutant qu\u2019il avait d\u00e9j\u00e0 demand\u00e9 au ministre des Finances de prendre des mesures dans ce sens.<\/p>\n<p>Le chef de l\u2019\u00c9tat a par ailleurs menac\u00e9 de s\u00e9vir contre quiconque tenterait de prendre le pays en otage, soulignant que personne n\u2019est au-dessus de la justice.<\/p>\n<p>Le pr\u00e9sident bissau-guin\u00e9en a ajout\u00e9 que tout denier public d\u00e9tourn\u00e9 sera restitu\u00e9 \u00e0 sa source et, dans le cas contraire, les biens de l\u2019auteur d\u2019un tel acte seront confisqu\u00e9s.<\/p>\n<p>\u00ab Il n\u2019y a qu\u2019un seul chef dans le pays malgr\u00e9 la s\u00e9paration des pouvoirs. Pour cette raison, je demande le gouvernement de trouver un compromis avec le parlement. A d\u00e9faut, il faut se pr\u00e9parer au pire \u00bb, a-t-il soulign\u00e9.<\/p>\n<p>Parlant de l\u2019\u00e9tat d\u2019urgence qu\u2019il a d\u00e9cr\u00e9t\u00e9 dans le pays pour emp\u00eacher la propagation du Covid-19 et la situation de faim qui menace la population, Sissoco Emblao a d\u00e9clar\u00e9 que tant que la situation \u00e0 risque perdurera, il continuera progressivement \u00e0 prendre les mesures pr\u00e9ventives appropri\u00e9es, \u00e0 l\u2019instar des autres nations.<\/p>\n<p>Le Pr\u00e9sident Embal\u00f3 a estim\u00e9 qu\u2019en tant que Commandant des forces arm\u00e9es, il doit remercier le g\u00e9nie militaire pour le travail effectu\u00e9 sur le site d\u2019h\u00e9bergement des malades de coronavirus, et les encourage \u00e9galement pour son travail de sensibilisation.<\/p>\n<p>Par ailleurs, Embal\u00f3 confirme qu\u2019il participera, jeudi, par vid\u00e9oconf\u00e9rence, au Sommet des chefs d\u2019\u00c9tat de la Communaut\u00e9 \u00e9conomique des \u00c9tats de l\u2019Afrique de l\u2019Ouest (CEDEAO), visant \u00e0 analyser la pand\u00e9mie de coronavirus dans le monde.<\/p>\n<\/div>\n<p>Auteur: APA News<br \/>\n<a href=\"https:\/\/www.journalducameroun.com\/vers-de-nouvelles-elections-legislatives-en-guinee-bissau\/\">Cliquez ici pour lire l&rsquo;article depuis sa source.<\/a><\/p>\n","protected":false},"excerpt":{"rendered":"<p>Publi\u00e9 le 22.04.2020 \u00e0 21h18 par APA News Le pr\u00e9sident Umaro Sissoco Embalo a appel\u00e9 mercredi le peuple bissau-guin\u00e9en \u00e0 se pr\u00e9parer \u00e0 de nouvelles \u00e9lections l\u00e9gislatives, si l\u2019impasse parlementaire devrait persister.Dans une d\u00e9claration \u00e0 la presse \u00e0 l\u2019issue de sa visite \u00e0 l\u2019\u00e9tat-major des forces arm\u00e9es ce mercredi, Umaro Sissoco Embalo, a d\u00e9clar\u00e9 qu\u2019il [&hellip;]<\/p>\n","protected":false},"author":1965,"featured_media":0,"comment_status":"closed","ping_status":"closed","sticky":false,"template":"","format":"standard","meta":{"fifu_image_url":"","fifu_image_alt":"","footnotes":""},"categories":[73,82],"tags":[],"class_list":["post-83159","post","type-post","status-publish","format-standard","hentry","category-actualite","category-cameroun"],"_links":{"self":[{"href":"https:\/\/linitiative.ca\/International\/wp-json\/wp\/v2\/posts\/83159","targetHints":{"allow":["GET"]}}],"collection":[{"href":"https:\/\/linitiative.ca\/International\/wp-json\/wp\/v2\/posts"}],"about":[{"href":"https:\/\/linitiative.ca\/International\/wp-json\/wp\/v2\/types\/post"}],"author":[{"embeddable":true,"href":"https:\/\/linitiative.ca\/International\/wp-json\/wp\/v2\/users\/1965"}],"replies":[{"embeddable":true,"href":"https:\/\/linitiative.ca\/International\/wp-json\/wp\/v2\/comments?post=83159"}],"version-history":[{"count":0,"href":"https:\/\/linitiative.ca\/International\/wp-json\/wp\/v2\/posts\/83159\/revisions"}],"wp:attachment":[{"href":"https:\/\/linitiative.ca\/International\/wp-json\/wp\/v2\/media?parent=83159"}],"wp:term":[{"taxonomy":"category","embeddable":true,"href":"https:\/\/linitiative.ca\/International\/wp-json\/wp\/v2\/categories?post=83159"},{"taxonomy":"post_tag","embeddable":true,"href":"https:\/\/linitiative.ca\/International\/wp-json\/wp\/v2\/tags?post=83159"}],"curies":[{"name":"wp","href":"https:\/\/api.w.org\/{rel}","templated":true}]}}