{"id":83160,"date":"2020-04-22T16:18:08","date_gmt":"2020-04-22T20:18:08","guid":{"rendered":"https:\/\/linitiative.ca\/International\/la-cour-africaine-ordonne-a-letat-ivoirien-de-surseoir-a-lexecution-du-mandat-contre-soro\/"},"modified":"2020-04-22T16:18:08","modified_gmt":"2020-04-22T20:18:08","slug":"la-cour-africaine-ordonne-a-letat-ivoirien-de-surseoir-a-lexecution-du-mandat-contre-soro","status":"publish","type":"post","link":"https:\/\/linitiative.ca\/International\/la-cour-africaine-ordonne-a-letat-ivoirien-de-surseoir-a-lexecution-du-mandat-contre-soro\/","title":{"rendered":"La Cour africaine ordonne \u00e0 l\u2019Etat ivoirien de surseoir \u00e0 l\u2019ex\u00e9cution du mandat contre Soro"},"content":{"rendered":"<div readability=\"32\">\n<p>Publi\u00e9 le 22.04.2020 \u00e0 21h18 par APA News<\/p>\n<\/div>\n<div readability=\"118\">\n<p>La Cour africaine des droits de l\u2019Homme et des peuples ordonne \u00e0 l\u2019Etat de C\u00f4te d\u2019Ivoire de surseoir \u00e0 l\u2019ex\u00e9cution du mandat contre Guillaume Soro et les mandats de d\u00e9p\u00f4t d\u00e9cern\u00e9s \u00e0 ses proches ainsi que leur mise en libert\u00e9 provisoire, dans un arr\u00eat rendu mercredi.Dans l\u2019arr\u00eat sign\u00e9 du vice-pr\u00e9sident Ben Kioko et Robert Eno, \u00e0 Arusha le 22 avril 2020, la Cour ordonne \u00e0 l\u2019Etat d\u00e9fenseur, la C\u00f4te d\u2019Ivoire, de \u00ab surseoir \u00e0 l\u2019ex\u00e9cution du mandat d\u2019arr\u00eat \u00e9mis contre Guillaume Soro \u00bb, ancien pr\u00e9sident de l\u2019Assembl\u00e9e nationale ivoirienne, actuellement en France.\u00a0<\/p>\n<p>Elle ordonne en outre, \u00e0 l\u2019Etat de C\u00f4te d\u2019Ivoire de \u00ab surseoir \u00e0 l\u2019ex\u00e9cution des mandats de d\u00e9p\u00f4ts d\u00e9cern\u00e9s contre des pro-Soro comprenant des parlementaires, notamment les requ\u00e9rants : Alain Lobognon, Camara Loukimane, Kanigui Soro, Yao Soumaila, Soumahoro Kando, Kamarat\u00e9 Souleymane.<\/p>\n<p>Sont \u00e9galement concern\u00e9s Karidioula Souleymane, Tehfour Kon\u00e9, Simon Soro, Porlo Rigobert Soro, F\u00e9licien Sekongo, Marc Ouattara, Mamadou Djibo, Aboubacar Tour\u00e9, Babou Traor\u00e9, Ladji Ouattara, Gnamiand N\u2019Drin, Dahafolo Kon\u00e9, Adama Zebret.<\/p>\n<p>Les juges demandent en outre \u00e0 l\u2019Etat ivoirien de \u00ab faire un rapport \u00e0 la Cour sur la mise en \u0153uvre des mesures provisoires ordonn\u00e9es dans la pr\u00e9sente d\u00e9cision dans un d\u00e9lai de 30 jours, \u00e0 compter de la date de r\u00e9ception \u00bb.\u00a0<\/p>\n<p>La d\u00e9fense de Guillaume Soro, compos\u00e9e de Me Affoussy Bamba et Me Brahima Soro, a soutenu dans les d\u00e9bats que l\u2019\u00e9mission d\u2019un mandat d\u2019arr\u00eat contre Guillaume Soro expose celui-ci \u00e0 une arrestation et \u00e0 une extradition vers son pays o\u00f9 il risque d\u2019\u00eatre d\u00e9tenu.\u00a0<\/p>\n<p>En outre, cela l\u2019emp\u00eacherait non seulement de battre campagne lors de la pr\u00e9sidentielle d\u2019octobre 2020 en C\u00f4te d\u2019Ivoire, pour laquelle il s\u2019est d\u00e9clar\u00e9 candidat, mais il risque d\u2019\u00eatre d\u00e9clar\u00e9 in\u00e9ligible \u00e0 cette \u00e9lection.\u00a0<\/p>\n<p>Partant, une arrestation de Guillaume Soro, pr\u00e9sident G\u00e9n\u00e9ration et peuples solidaires (GPS), un mouvement politique, membre de la plateforme de l\u2019opposition ivoirienne, dans un tel contexte, porteraient gravement atteinte \u00e0 ses droits politiques.<\/p>\n<p>L\u2019Etat ivoirien, quant \u00e0 lui, soutient que les mandats de d\u00e9p\u00f4t d\u00e9cern\u00e9s contre les requ\u00e9rants, \u00e0 l\u2019exception de Guillaume Soro, ont \u00e9t\u00e9 d\u00e9j\u00e0 ex\u00e9cut\u00e9s et les requ\u00e9rants sont mal venus pour en demander la suspension.<\/p>\n<p>Pour les avocats de la Cote d\u2019Ivoire, les mesures provisoires sollicit\u00e9es exc\u00e8dent largement le champ des mesures provisoires et sont de nature \u00e0 \u00ab entraver le fonctionnement normal de la justice nationale \u00bb, demandant \u00e0 la Cour de rejeter la demande de mesures provisoires.\u00a0<\/p>\n<p>Un mandat d\u2019arr\u00eat a \u00e9t\u00e9 \u00e9mis \u00e0 l\u2019encontre de M. Guillaume Soro d\u00e9cembre 2019, tandis qu\u2019entre le 23 et le 24 de ce m\u00eame mois, ses proches ont arr\u00eat\u00e9s et plac\u00e9s en d\u00e9tention pr\u00e9ventive dans diff\u00e9rents centres de d\u00e9tention \u00e0 Abidjan et d\u2019autres villes du pays.\u00a0<\/p>\n<\/div>\n<p>Auteur: APA News<br \/>\n<a href=\"https:\/\/www.journalducameroun.com\/la-cour-africaine-ordonne-a-letat-ivoirien-de-surseoir-a-lexecution-du-mandat-contre-soro\/\">Cliquez ici pour lire l&rsquo;article depuis sa source.<\/a><\/p>\n","protected":false},"excerpt":{"rendered":"<p>Publi\u00e9 le 22.04.2020 \u00e0 21h18 par APA News La Cour africaine des droits de l\u2019Homme et des peuples ordonne \u00e0 l\u2019Etat de C\u00f4te d\u2019Ivoire de surseoir \u00e0 l\u2019ex\u00e9cution du mandat contre Guillaume Soro et les mandats de d\u00e9p\u00f4t d\u00e9cern\u00e9s \u00e0 ses proches ainsi que leur mise en libert\u00e9 provisoire, dans un arr\u00eat rendu mercredi.Dans l\u2019arr\u00eat [&hellip;]<\/p>\n","protected":false},"author":1965,"featured_media":0,"comment_status":"closed","ping_status":"closed","sticky":false,"template":"","format":"standard","meta":{"fifu_image_url":"","fifu_image_alt":"","footnotes":""},"categories":[73,82],"tags":[],"class_list":["post-83160","post","type-post","status-publish","format-standard","hentry","category-actualite","category-cameroun"],"_links":{"self":[{"href":"https:\/\/linitiative.ca\/International\/wp-json\/wp\/v2\/posts\/83160","targetHints":{"allow":["GET"]}}],"collection":[{"href":"https:\/\/linitiative.ca\/International\/wp-json\/wp\/v2\/posts"}],"about":[{"href":"https:\/\/linitiative.ca\/International\/wp-json\/wp\/v2\/types\/post"}],"author":[{"embeddable":true,"href":"https:\/\/linitiative.ca\/International\/wp-json\/wp\/v2\/users\/1965"}],"replies":[{"embeddable":true,"href":"https:\/\/linitiative.ca\/International\/wp-json\/wp\/v2\/comments?post=83160"}],"version-history":[{"count":0,"href":"https:\/\/linitiative.ca\/International\/wp-json\/wp\/v2\/posts\/83160\/revisions"}],"wp:attachment":[{"href":"https:\/\/linitiative.ca\/International\/wp-json\/wp\/v2\/media?parent=83160"}],"wp:term":[{"taxonomy":"category","embeddable":true,"href":"https:\/\/linitiative.ca\/International\/wp-json\/wp\/v2\/categories?post=83160"},{"taxonomy":"post_tag","embeddable":true,"href":"https:\/\/linitiative.ca\/International\/wp-json\/wp\/v2\/tags?post=83160"}],"curies":[{"name":"wp","href":"https:\/\/api.w.org\/{rel}","templated":true}]}}