{"id":83161,"date":"2020-04-22T16:18:10","date_gmt":"2020-04-22T20:18:10","guid":{"rendered":"https:\/\/linitiative.ca\/International\/covid-19-maroc-interdiction-de-lusage-et-de-la-commercialisation-des-passages-de-desinfection-des-personnes\/"},"modified":"2020-04-22T16:18:10","modified_gmt":"2020-04-22T20:18:10","slug":"covid-19-maroc-interdiction-de-lusage-et-de-la-commercialisation-des-passages-de-desinfection-des-personnes","status":"publish","type":"post","link":"https:\/\/linitiative.ca\/International\/covid-19-maroc-interdiction-de-lusage-et-de-la-commercialisation-des-passages-de-desinfection-des-personnes\/","title":{"rendered":"Covid-19\/Maroc : Interdiction de l\u2019usage et de la commercialisation des passages de d\u00e9sinfection des personnes"},"content":{"rendered":"<div readability=\"32\">\n<p>Publi\u00e9 le 22.04.2020 \u00e0 21h18 par APA News<\/p>\n<\/div>\n<div readability=\"55\">\n<p>L\u2019usage et la commercialisation des passages de d\u00e9sinfection des personnes sont strictement interdits en raison des dangers dus \u00e0 l\u2019exposition aux produits utilis\u00e9s dans l\u2019op\u00e9ration de d\u00e9sinfection sur la sant\u00e9 et la s\u00e9curit\u00e9 des usagers, indique un communiqu\u00e9 conjoint des minist\u00e8res de l\u2019int\u00e9rieur, de la sant\u00e9 et de l\u2019Industrie.Selon le communiqu\u00e9, cette d\u00e9cision intervient suite \u00e0 la r\u00e9union du comit\u00e9 de normalisation, charg\u00e9 d\u2019\u00e9tablir des caract\u00e9ristiques normalis\u00e9es marocaines pour les passages de d\u00e9sinfection des personnes et les produits utilis\u00e9s, notant que le comit\u00e9 ne dispose pas actuellement de tous les \u00e9l\u00e9ments scientifiques n\u00e9cessaires \u00e0 l\u2019\u00e9tablissement de ces normes.<\/p>\n<p>Ces passages, poursuit la m\u00eame source, pourraient servir \u00e0 d\u00e9sinfecter les appareils et les produits utilis\u00e9s pour le stockage, le conditionnement, la manutention et le transport des marchandises.<\/p>\n<p>Tous les passages de d\u00e9sinfection des personnes mis en place \u00e0 l\u2019entr\u00e9e des \u00e9tablissements, des espaces publics ou des commerces ou dans tout autre lieu doivent \u00eatre ainsi retir\u00e9s, annonce le communiqu\u00e9, notant que toute violation de cette d\u00e9cision entra\u00eenera une poursuite en justice.<\/p>\n<\/div>\n<p>Auteur: APA News<br \/>\n<a href=\"https:\/\/www.journalducameroun.com\/covid-19-maroc-interdiction-de-lusage-et-de-la-commercialisation-des-passages-de-desinfection-des-personnes\/\">Cliquez ici pour lire l&rsquo;article depuis sa source.<\/a><\/p>\n","protected":false},"excerpt":{"rendered":"<p>Publi\u00e9 le 22.04.2020 \u00e0 21h18 par APA News L\u2019usage et la commercialisation des passages de d\u00e9sinfection des personnes sont strictement interdits en raison des dangers dus \u00e0 l\u2019exposition aux produits utilis\u00e9s dans l\u2019op\u00e9ration de d\u00e9sinfection sur la sant\u00e9 et la s\u00e9curit\u00e9 des usagers, indique un communiqu\u00e9 conjoint des minist\u00e8res de l\u2019int\u00e9rieur, de la sant\u00e9 et [&hellip;]<\/p>\n","protected":false},"author":1965,"featured_media":0,"comment_status":"closed","ping_status":"closed","sticky":false,"template":"","format":"standard","meta":{"fifu_image_url":"","fifu_image_alt":"","footnotes":""},"categories":[73,82],"tags":[],"class_list":["post-83161","post","type-post","status-publish","format-standard","hentry","category-actualite","category-cameroun"],"_links":{"self":[{"href":"https:\/\/linitiative.ca\/International\/wp-json\/wp\/v2\/posts\/83161","targetHints":{"allow":["GET"]}}],"collection":[{"href":"https:\/\/linitiative.ca\/International\/wp-json\/wp\/v2\/posts"}],"about":[{"href":"https:\/\/linitiative.ca\/International\/wp-json\/wp\/v2\/types\/post"}],"author":[{"embeddable":true,"href":"https:\/\/linitiative.ca\/International\/wp-json\/wp\/v2\/users\/1965"}],"replies":[{"embeddable":true,"href":"https:\/\/linitiative.ca\/International\/wp-json\/wp\/v2\/comments?post=83161"}],"version-history":[{"count":0,"href":"https:\/\/linitiative.ca\/International\/wp-json\/wp\/v2\/posts\/83161\/revisions"}],"wp:attachment":[{"href":"https:\/\/linitiative.ca\/International\/wp-json\/wp\/v2\/media?parent=83161"}],"wp:term":[{"taxonomy":"category","embeddable":true,"href":"https:\/\/linitiative.ca\/International\/wp-json\/wp\/v2\/categories?post=83161"},{"taxonomy":"post_tag","embeddable":true,"href":"https:\/\/linitiative.ca\/International\/wp-json\/wp\/v2\/tags?post=83161"}],"curies":[{"name":"wp","href":"https:\/\/api.w.org\/{rel}","templated":true}]}}