{"id":83162,"date":"2020-04-22T16:36:14","date_gmt":"2020-04-22T20:36:14","guid":{"rendered":"https:\/\/linitiative.ca\/International\/cameroun-le-gouvernement-denonce-les-attaques-contre-lambassadeur-de-france\/"},"modified":"2020-04-22T16:36:14","modified_gmt":"2020-04-22T20:36:14","slug":"cameroun-le-gouvernement-denonce-les-attaques-contre-lambassadeur-de-france","status":"publish","type":"post","link":"https:\/\/linitiative.ca\/International\/cameroun-le-gouvernement-denonce-les-attaques-contre-lambassadeur-de-france\/","title":{"rendered":"Cameroun : le gouvernement d\u00e9nonce les attaques contre l\u2019Ambassadeur de France"},"content":{"rendered":"<div readability=\"32\">\n<p>Publi\u00e9 le 22.04.2020 \u00e0 21h36 par Christian Djimadeu<\/p>\n<\/div>\n<div readability=\"58\">\n<h2 class=\"c5\"><em>Le ministre de la Communication met en garde \u00abquelques groupuscules de la diaspora camerounaise\u00a0\u00bb, qui \u00a0pr\u00e9tendent que l\u2019audience du 16 avril dernier entre Paul Biya et Christophe Guilhou \u00e9tait un montage en images et en son du diplomate fran\u00e7ais.<\/em><\/h2>\n<p class=\"c6\">\u00ab\u00a0<em>L\u2019Ambassadeur de France au Cameroun a bel et bien \u00e9t\u00e9 re\u00e7u en audience par le Pr\u00e9sident de la R\u00e9publique, Son Excellence Paul Biya, le 16 avril 2020 au Palais de l\u2019Unit\u00e9, tant et si bien que l\u2019id\u00e9e d\u2019une soi-disant mise en sc\u00e8ne ne peut relever que de l\u2019affabulation et du fantasme\u00a0<\/em>\u00bb, condamne le ministre de la Communication (Mincom).<\/p>\n<p class=\"c6\">Le gouvernement camerounais par la \u00a0voix du Mincom s\u2019indigne contre les auteurs d\u2019un texte en circulation dans les r\u00e9seaux sociaux. Texte \u00a0qui indexe <strong>l\u2019Ambassadeur de France au Cameroun<\/strong> \u00e0 la suite de sa rencontre avec <strong>Paul Biya<\/strong> le 16 avril dernier au Palais de l\u2019Unit\u00e9. \u00ab\u00a0<em>Ces individus pr\u00e9tendent en effet et en substance, que l\u2019Ambassadeur de France s\u2019est pr\u00eat\u00e9 \u00e0 un montage audiovisuel visant \u00e0 d\u00e9montrer \u00e0 l\u2019opinion publique nationale et internationale, que le Cameroun est plut\u00f4t bien gouvern\u00e9 avec des institutions r\u00e9publicaines qui fonctionnent normalement et sous le remarquable leadership du Pr\u00e9sident de la R\u00e9publique, Son Excellence Paul Biya<\/em>\u00a0\u00bb, \u00e9crit <strong>Ren\u00e9 Emmanuel Sadi<\/strong>.<\/p>\n<p class=\"c6\">Il rel\u00e8ve qu\u2019un ambassadeur \u00ab\u00a0<em>doit b\u00e9n\u00e9ficier de tous les \u00e9gards dus \u00e0 sa qualit\u00e9 de repr\u00e9sentant l\u00e9gal et l\u00e9gitime<\/em>\u00a0\u00bb et ajoute que le gouvernement camerounais <em>\u00ab\u00a0met en garde ces groupuscules, du reste r\u00e9cidivistes, contre tout acte susceptible de porter atteinte, sous quelque forme que ce soit, \u00e0 ce pl\u00e9nipotentiaire digne de respect, ou d\u2019entraver l\u2019accomplissement heureux de sa haute mission au Cameroun\u00a0<\/em>\u00bb.<\/p>\n<\/div>\n<p>Auteur: Christian DJIMADEU<br \/>\n<a href=\"https:\/\/www.journalducameroun.com\/cameroun-le-gouvernement-denonce-les-attaques-contre-lambassadeur-de-france\/\">Cliquez ici pour lire l&rsquo;article depuis sa source.<\/a><\/p>\n","protected":false},"excerpt":{"rendered":"<p>Publi\u00e9 le 22.04.2020 \u00e0 21h36 par Christian Djimadeu Le ministre de la Communication met en garde \u00abquelques groupuscules de la diaspora camerounaise\u00a0\u00bb, qui \u00a0pr\u00e9tendent que l\u2019audience du 16 avril dernier entre Paul Biya et Christophe Guilhou \u00e9tait un montage en images et en son du diplomate fran\u00e7ais. \u00ab\u00a0L\u2019Ambassadeur de France au Cameroun a bel et [&hellip;]<\/p>\n","protected":false},"author":1965,"featured_media":0,"comment_status":"closed","ping_status":"closed","sticky":false,"template":"","format":"standard","meta":{"fifu_image_url":"","fifu_image_alt":"","footnotes":""},"categories":[73,82],"tags":[],"class_list":["post-83162","post","type-post","status-publish","format-standard","hentry","category-actualite","category-cameroun"],"_links":{"self":[{"href":"https:\/\/linitiative.ca\/International\/wp-json\/wp\/v2\/posts\/83162","targetHints":{"allow":["GET"]}}],"collection":[{"href":"https:\/\/linitiative.ca\/International\/wp-json\/wp\/v2\/posts"}],"about":[{"href":"https:\/\/linitiative.ca\/International\/wp-json\/wp\/v2\/types\/post"}],"author":[{"embeddable":true,"href":"https:\/\/linitiative.ca\/International\/wp-json\/wp\/v2\/users\/1965"}],"replies":[{"embeddable":true,"href":"https:\/\/linitiative.ca\/International\/wp-json\/wp\/v2\/comments?post=83162"}],"version-history":[{"count":0,"href":"https:\/\/linitiative.ca\/International\/wp-json\/wp\/v2\/posts\/83162\/revisions"}],"wp:attachment":[{"href":"https:\/\/linitiative.ca\/International\/wp-json\/wp\/v2\/media?parent=83162"}],"wp:term":[{"taxonomy":"category","embeddable":true,"href":"https:\/\/linitiative.ca\/International\/wp-json\/wp\/v2\/categories?post=83162"},{"taxonomy":"post_tag","embeddable":true,"href":"https:\/\/linitiative.ca\/International\/wp-json\/wp\/v2\/tags?post=83162"}],"curies":[{"name":"wp","href":"https:\/\/api.w.org\/{rel}","templated":true}]}}