{"id":83163,"date":"2020-04-22T17:50:05","date_gmt":"2020-04-22T21:50:05","guid":{"rendered":"https:\/\/linitiative.ca\/International\/nouvelle-manifestation-anti-confinement-aux-etats-unis-trump-limite-limmigration\/"},"modified":"2020-04-22T17:50:05","modified_gmt":"2020-04-22T21:50:05","slug":"nouvelle-manifestation-anti-confinement-aux-etats-unis-trump-limite-limmigration","status":"publish","type":"post","link":"https:\/\/linitiative.ca\/International\/nouvelle-manifestation-anti-confinement-aux-etats-unis-trump-limite-limmigration\/","title":{"rendered":"Nouvelle manifestation anti-confinement aux Etats-Unis, Trump limite l\u2019immigration"},"content":{"rendered":"<div readability=\"32\">\n<p>Publi\u00e9 le 22.04.2020 \u00e0 22h50 par AFP<\/p>\n<\/div>\n<div readability=\"152\">\n<p>Donald Trump doit signer mercredi un d\u00e9cret suspendant temporairement la d\u00e9livrance de cartes vertes afin, dit-il, de prot\u00e9ger les emplois am\u00e9ricains en pleine crise li\u00e9e au coronavirus, tandis que les manifestations pour r\u00e9clamer la r\u00e9ouverture de l\u2019\u00e9conomie se poursuivent \u00e0 travers les Etats-Unis.<\/p>\n<p>Elu en 2016 sur la promesse de construire un mur entre son pays et le Mexique, Donald Trump a fait de l\u2019immigration un sujet cl\u00e9 de sa pr\u00e9sidence et de sa campagne de r\u00e9\u00e9lection avant le scrutin de novembre.<\/p>\n<p>\u00ab\u00a0Je signerai aujourd\u2019hui le d\u00e9cret interdisant l\u2019immigration dans notre pays\u00a0\u00bb, a-t-il tweet\u00e9 mercredi matin.<\/p>\n<p>Contrairement \u00e0 ce que le locataire de la Maison Blanche avait initialement laiss\u00e9 entendre, la suspension \u2013d\u2019une dur\u00e9e initiale de 60 jours\u2013 ne s\u2019appliquera pas aux visas de travail temporaires mais aux seules cartes vertes qui offrent le statut de r\u00e9sident permanent.<\/p>\n<p>Mardi, M. Trump avait mis en avant la situation de l\u2019emploi aux Etats-Unis pour justifier sa d\u00e9cision.<\/p>\n<p>\u00ab\u00a0Il serait injuste que les Am\u00e9ricains soient remplac\u00e9s par une main-d\u2019oeuvre venue de l\u2019\u00e9tranger\u00a0\u00bb, avait d\u00e9clar\u00e9 l\u2019ancien homme d\u2019affaires de New York, en appelant \u00e0 \u00ab\u00a0donner la priorit\u00e9 au travailleur am\u00e9ricain\u00a0\u00bb.<\/p>\n<p>Plus de 22 millions d\u2019Am\u00e9ricains ont perdu leur emploi depuis que la crise du coronavirus a soudainement paralys\u00e9 l\u2019\u00e9conomie.<\/p>\n<p>Avec pr\u00e8s de 46.000 d\u00e9c\u00e8s, les Etats-Unis affichent le plus lourd bilan du monde. Ils d\u00e9nombrent plus de 826.000 cas de Covid-19.<\/p>\n<p>Et les h\u00f4pitaux dans certaines r\u00e9gions particuli\u00e8rement touch\u00e9es ont encore du mal \u00e0 r\u00e9pondre \u00e0 l\u2019afflux de patients, alors que le pays a enregistr\u00e9 l\u2019un de ses pires bilans journaliers mardi, avec plus de 2.700 d\u00e9c\u00e8s.<\/p>\n<p>\u2013 \u00ab\u00a0Besoin d\u2019emplois\u00a0\u00bb \u2013<\/p>\n<p>Donald Trump a toutefois jug\u00e9 la semaine derni\u00e8re qu\u2019il \u00e9tait temps de faire \u00ab\u00a0red\u00e9marrer l\u2019Am\u00e9rique\u00a0\u00bb, en laissant chacun des gouverneurs prendre la d\u00e9cision selon la gravit\u00e9 de l\u2019\u00e9pid\u00e9mie dans son Etat.<\/p>\n<p>Certains ont rapidement commenc\u00e9 \u00e0 rel\u00e2cher les r\u00e8gles de distanciation. Des plages de Floride ont \u00e9t\u00e9 autoris\u00e9es \u00e0 rouvrir dimanche dernier, les gouverneurs du Texas et du Vermont ont prudemment relanc\u00e9 certaines activit\u00e9s d\u00e8s lundi tandis que la G\u00e9orgie ira plus loin d\u00e8s vendredi.<\/p>\n<p>Coiffeurs, salons de beaut\u00e9 et de tatouages, bowlings et autres petits commerces pourront ouvrir leurs portes bien que cet Etat du Sud ne r\u00e9ponde pas aux recommandations de la Maison Blanche, qui pr\u00e9conise notamment d\u2019enregistrer 14 jours de baisse du nombre d\u2019infections avant d\u2019assouplir les mesures.<\/p>\n<p>Son gouverneur r\u00e9publicain, Brian Kemp, a conseill\u00e9 aux employ\u00e9s de respecter des distances de s\u00e9curit\u00e9 mais elles semblent difficiles \u00e0 maintenir dans certaines de ces professions.<\/p>\n<p>Dans les Etats encore sous ordre de confinement, des Am\u00e9ricains multiplient depuis plusieurs jours les manifestations pour appeler \u00e0 relancer l\u2019\u00e9conomie.<\/p>\n<p>\u00ab\u00a0Nous avons besoin d\u2019emplois. Les gens ne peuvent pas payer leurs loyers, ils ne peuvent pas s\u2019acheter de nourriture\u00a0\u00bb, a d\u00e9clar\u00e9 \u00e0 l\u2019AFP Jason Roberge, venu protester mercredi \u00e0 Richmond, capitale de la Virginie.<\/p>\n<p>\u00ab\u00a0Libert\u00e9 plut\u00f4t que peur\u00a0\u00bb, pouvait-on lire sur la pancarte brandie par un homme tandis que des automobilistes, agitant drapeaux am\u00e9ricains ou au nom de Donald Trump, klaxonnaient.<\/p>\n<p>Pour soutenir les petites entreprises en d\u00e9tresse et tenter de garantir leurs emplois, le Congr\u00e8s doit approuver jeudi un nouveau plan d\u2019aide de pr\u00e8s de 500 milliards de dollars, qui financera aussi les h\u00f4pitaux et renforcera la capacit\u00e9 de d\u00e9pistage, un facteur jug\u00e9 crucial pour pouvoir relancer l\u2019activit\u00e9 \u00e9conomique.<\/p>\n<p>Face aux Etats qui se pr\u00e9parent \u00e0 une \u00ab\u00a0r\u00e9ouverture\u00a0\u00bb, le gouverneur de New York, \u00e9picentre de la pand\u00e9mie aux Etats-Unis, a lui lanc\u00e9 cet avertissement retentissant: \u00ab\u00a0Nous ne pouvons pas \u00eatre stupides\u00a0\u00bb.<\/p>\n<p>\u00ab\u00a0Je comprends la pression\u00a0\u00bb que peuvent ressentir gouverneurs pour assouplir les r\u00e8gles, a d\u00e9clar\u00e9 le d\u00e9mocrate Andrew Cuomo, tout en rejetant cat\u00e9goriquement l\u2019argument voulant que la paralysie de l\u2019\u00e9conomie et le confinement soient pire que le risque de voir l\u2019\u00e9pid\u00e9mie se propager.<\/p>\n<p>\u00ab\u00a0Oui, il s\u2019agit de votre vie (\u2026). Vous pouvez faire ce que vous voulez. Sauf que vous \u00eates maintenant responsable de ma vie\u00a0\u00bb, a-t-il expliqu\u00e9. \u00ab\u00a0Il ne s\u2019agit pas que de vous\u00a0\u00bb.<\/p>\n<p>Andrew Cuomo a salu\u00e9 le \u00ab\u00a0l\u00e9ger recul\u00a0\u00bb de l\u2019\u00e9pid\u00e9mie dans son Etat mais a averti: \u00ab\u00a0si nous sommes irresponsables aujourd\u2019hui (\u2026), nous verrons ce taux d\u2019hospitalisations monter d\u2019ici trois, quatre, cinq jours\u00a0\u00bb.<\/p>\n<p>burs-elc\/iba<\/p>\n<\/div>\n<p>Auteur: AFP<br \/>\n<a href=\"https:\/\/www.journalducameroun.com\/nouvelle-manifestation-anti-confinement-aux-etats-unis-trump-limite-limmigration\/\">Cliquez ici pour lire l&rsquo;article depuis sa source.<\/a><\/p>\n","protected":false},"excerpt":{"rendered":"<p>Publi\u00e9 le 22.04.2020 \u00e0 22h50 par AFP Donald Trump doit signer mercredi un d\u00e9cret suspendant temporairement la d\u00e9livrance de cartes vertes afin, dit-il, de prot\u00e9ger les emplois am\u00e9ricains en pleine crise li\u00e9e au coronavirus, tandis que les manifestations pour r\u00e9clamer la r\u00e9ouverture de l\u2019\u00e9conomie se poursuivent \u00e0 travers les Etats-Unis. Elu en 2016 sur la [&hellip;]<\/p>\n","protected":false},"author":1965,"featured_media":0,"comment_status":"closed","ping_status":"closed","sticky":false,"template":"","format":"standard","meta":{"fifu_image_url":"","fifu_image_alt":"","footnotes":""},"categories":[73,82],"tags":[],"class_list":["post-83163","post","type-post","status-publish","format-standard","hentry","category-actualite","category-cameroun"],"_links":{"self":[{"href":"https:\/\/linitiative.ca\/International\/wp-json\/wp\/v2\/posts\/83163","targetHints":{"allow":["GET"]}}],"collection":[{"href":"https:\/\/linitiative.ca\/International\/wp-json\/wp\/v2\/posts"}],"about":[{"href":"https:\/\/linitiative.ca\/International\/wp-json\/wp\/v2\/types\/post"}],"author":[{"embeddable":true,"href":"https:\/\/linitiative.ca\/International\/wp-json\/wp\/v2\/users\/1965"}],"replies":[{"embeddable":true,"href":"https:\/\/linitiative.ca\/International\/wp-json\/wp\/v2\/comments?post=83163"}],"version-history":[{"count":0,"href":"https:\/\/linitiative.ca\/International\/wp-json\/wp\/v2\/posts\/83163\/revisions"}],"wp:attachment":[{"href":"https:\/\/linitiative.ca\/International\/wp-json\/wp\/v2\/media?parent=83163"}],"wp:term":[{"taxonomy":"category","embeddable":true,"href":"https:\/\/linitiative.ca\/International\/wp-json\/wp\/v2\/categories?post=83163"},{"taxonomy":"post_tag","embeddable":true,"href":"https:\/\/linitiative.ca\/International\/wp-json\/wp\/v2\/tags?post=83163"}],"curies":[{"name":"wp","href":"https:\/\/api.w.org\/{rel}","templated":true}]}}