{"id":83167,"date":"2020-04-22T13:59:40","date_gmt":"2020-04-22T17:59:40","guid":{"rendered":"https:\/\/linitiative.ca\/International\/de-nouveaux-responsables-nommes-dans-les-universites-detat\/"},"modified":"2020-04-22T13:59:40","modified_gmt":"2020-04-22T17:59:40","slug":"de-nouveaux-responsables-nommes-dans-les-universites-detat","status":"publish","type":"post","link":"https:\/\/linitiative.ca\/International\/de-nouveaux-responsables-nommes-dans-les-universites-detat\/","title":{"rendered":"De nouveaux responsables nomm\u00e9s dans les universit\u00e9s d\u2019Etat"},"content":{"rendered":"<div id=\"the-post\">\n<div class=\"featured-area featured-area-inner\" readability=\"7\"><img loading=\"lazy\" decoding=\"async\" width=\"780\" height=\"457\" src=\"https:\/\/ecomatin.net\/wp-content\/uploads\/2020\/04\/signature-decret-paul-biya-780x457.jpg\" class=\"attachment-jannah-image-post size-jannah-image-post wp-post-image\" alt=\"Le pr&#xE9;sident de la R&#xE9;publique Paul Biya\" data-attachment-id=\"15378\" data-permalink=\"https:\/\/ecomatin.net\/de-nouveaux-responsables-nommes-dans-les-universites-detat\/signature-decret-paul-biya\/\" data-orig-file=\"https:\/\/ecomatin.net\/wp-content\/uploads\/2020\/04\/signature-decret-paul-biya.jpg\" data-orig-size=\"800,457\" data-comments-opened=\"0\" data-image-meta=\"{&quot;aperture&quot;:&quot;0&quot;,&quot;credit&quot;:&quot;&quot;,&quot;camera&quot;:&quot;&quot;,&quot;caption&quot;:&quot;&quot;,&quot;created_timestamp&quot;:&quot;0&quot;,&quot;copyright&quot;:&quot;&quot;,&quot;focal_length&quot;:&quot;0&quot;,&quot;iso&quot;:&quot;0&quot;,&quot;shutter_speed&quot;:&quot;0&quot;,&quot;title&quot;:&quot;&quot;,&quot;orientation&quot;:&quot;0&quot;}\" data-image-title=\"signature-decret-paul-biya\" data-image-description=\"\" data-medium-file=\"https:\/\/ecomatin.net\/wp-content\/uploads\/2020\/04\/signature-decret-paul-biya-300x171.jpg\" data-large-file=\"https:\/\/ecomatin.net\/wp-content\/uploads\/2020\/04\/signature-decret-paul-biya.jpg\"\/> Le pr\u00e9sident de la R\u00e9publique Paul Biya<\/div>\n<div class=\"entry-content entry clearfix\" readability=\"43.7691542289\">\n<p>Les 8 universit\u00e9s d\u2019Etat s\u2019enrichissent de nouveaux responsables. Ils ont b\u00e9n\u00e9fici\u00e9 du d\u00e9cret No 2020\/231 du 22 avril 2020 du chef de l\u2019Etat portant nomination de responsables dans certaines universit\u00e9s d\u2019Etat et occuperont les postes de vice-recteurs, Secr\u00e9taires G\u00e9n\u00e9raux, Doyens de facult\u00e9s, Directeurs et conseils.<\/p>\n<p>Au rang des promus, on compte le Pr Owono Owono Luc Calvin nomm\u00e9 Vice-recteur charg\u00e9 des Enseignements, de la Professionnalisation et du D\u00e9veloppement des Technologies de l\u2019Information et de la Communication. Dans la m\u00eame universit\u00e9, le Pr Mathias Eric Owona Nguini a \u00e9t\u00e9 nomm\u00e9 Vice-recteur charg\u00e9 de la Recherche, de la Coop\u00e9ration et des relations avec le Monde des Entreprises. Il remplace \u00e0 ce poste le Pr Jean-Emmanuel Pondi nomm\u00e9 quant \u00e0 lui Vice-recteur charg\u00e9 des Enseignements, de la Professionnalisation et du D\u00e9veloppement des Technologies de l\u2019Information et de la communication\u00a0 \u00e0 l\u2019Universit\u00e9 de Yaound\u00e9 2.<\/p>\n<p>Les \u00a0Professeurs Claude Bekolo Avom D\u00e9sir\u00e9 et Ngouem Marie Th\u00e9r\u00e8se \u00e9pouse Um \u00a0ont quant \u00e0 eux \u00e9t\u00e9 faits doyens de la Facult\u00e9 des Sciences Economiques et de Gestion respectivement dans les universit\u00e9s de Douala, Yaound\u00e9 2 et Dschang. A l\u2019universit\u00e9 de Bu\u00e9a, Gregory Halle Ekane a \u00e9t\u00e9 nomm\u00e9 Doyen de la Facult\u00e9 des Sciences M\u00e9dicales, tandis que le Pr Jean Pierre Awono prend la t\u00eate du d\u00e9canat de la facult\u00e9 d\u2019Agriculture et des Sciences V\u00e9t\u00e9rinaires.<\/p>\n<div class=\"awac-wrapper awac widget posts-list-widget-13\">\n<h4 class=\"widget-title\">Recent Posts<\/h4>\n<\/div>\n<\/div>\n<\/div>\n<div readability=\"31.5\">\n<div class=\"container-wrapper subscribe-widget widget-inner-wrap subscribe-widget-content\" id=\"post-newsletter\" readability=\"33\">\n<h4>With Product You Purchase<\/h4>\n<h3>Subscribe to our mailing list to get the new updates!<\/h3>\n<p>Lorem ipsum dolor sit amet, consectetur.<\/p>\n<\/div>\n<\/div>\n<p>Auteur: EcoMatin<br \/>\n<a href=\"https:\/\/ecomatin.net\/de-nouveaux-responsables-nommes-dans-les-universites-detat\/\">Cliquez ici pour lire l&rsquo;article depuis sa source.<\/a><\/p>\n","protected":false},"excerpt":{"rendered":"<p>Le pr\u00e9sident de la R\u00e9publique Paul Biya Les 8 universit\u00e9s d\u2019Etat s\u2019enrichissent de nouveaux responsables. Ils ont b\u00e9n\u00e9fici\u00e9 du d\u00e9cret No 2020\/231 du 22 avril 2020 du chef de l\u2019Etat portant nomination de responsables dans certaines universit\u00e9s d\u2019Etat et occuperont les postes de vice-recteurs, Secr\u00e9taires G\u00e9n\u00e9raux, Doyens de facult\u00e9s, Directeurs et conseils. Au rang des [&hellip;]<\/p>\n","protected":false},"author":1969,"featured_media":0,"comment_status":"closed","ping_status":"closed","sticky":false,"template":"","format":"standard","meta":{"fifu_image_url":"","fifu_image_alt":"","footnotes":""},"categories":[82,78],"tags":[],"class_list":["post-83167","post","type-post","status-publish","format-standard","hentry","category-cameroun","category-economie"],"_links":{"self":[{"href":"https:\/\/linitiative.ca\/International\/wp-json\/wp\/v2\/posts\/83167","targetHints":{"allow":["GET"]}}],"collection":[{"href":"https:\/\/linitiative.ca\/International\/wp-json\/wp\/v2\/posts"}],"about":[{"href":"https:\/\/linitiative.ca\/International\/wp-json\/wp\/v2\/types\/post"}],"author":[{"embeddable":true,"href":"https:\/\/linitiative.ca\/International\/wp-json\/wp\/v2\/users\/1969"}],"replies":[{"embeddable":true,"href":"https:\/\/linitiative.ca\/International\/wp-json\/wp\/v2\/comments?post=83167"}],"version-history":[{"count":0,"href":"https:\/\/linitiative.ca\/International\/wp-json\/wp\/v2\/posts\/83167\/revisions"}],"wp:attachment":[{"href":"https:\/\/linitiative.ca\/International\/wp-json\/wp\/v2\/media?parent=83167"}],"wp:term":[{"taxonomy":"category","embeddable":true,"href":"https:\/\/linitiative.ca\/International\/wp-json\/wp\/v2\/categories?post=83167"},{"taxonomy":"post_tag","embeddable":true,"href":"https:\/\/linitiative.ca\/International\/wp-json\/wp\/v2\/tags?post=83167"}],"curies":[{"name":"wp","href":"https:\/\/api.w.org\/{rel}","templated":true}]}}