{"id":83168,"date":"2020-04-22T16:24:01","date_gmt":"2020-04-22T20:24:01","guid":{"rendered":"https:\/\/linitiative.ca\/International\/covid-19-les-celebrations-de-la-fete-du-travail-et-du-20-mai-2020-sont-annulees\/"},"modified":"2020-04-22T16:24:01","modified_gmt":"2020-04-22T20:24:01","slug":"covid-19-les-celebrations-de-la-fete-du-travail-et-du-20-mai-2020-sont-annulees","status":"publish","type":"post","link":"https:\/\/linitiative.ca\/International\/covid-19-les-celebrations-de-la-fete-du-travail-et-du-20-mai-2020-sont-annulees\/","title":{"rendered":"Covid 19: les c\u00e9l\u00e9brations de la f\u00eate du travail et du 20 mai 2020 sont annul\u00e9es"},"content":{"rendered":"<div id=\"the-post\">\n<div class=\"featured-area featured-area-inner\" readability=\"7\"><img loading=\"lazy\" decoding=\"async\" width=\"512\" height=\"312\" src=\"https:\/\/ecomatin.net\/wp-content\/uploads\/2020\/04\/PARADE-MILITAIRE.jpg\" class=\"attachment-jannah-image-post size-jannah-image-post wp-post-image\" alt=\"Parade Militaire au boulevard du 20mai\" srcset=\"https:\/\/ecomatin.net\/wp-content\/uploads\/2020\/04\/PARADE-MILITAIRE.jpg 512w, https:\/\/ecomatin.net\/wp-content\/uploads\/2020\/04\/PARADE-MILITAIRE-300x183.jpg 300w\" sizes=\"auto, (max-width: 512px) 100vw, 512px\" data-attachment-id=\"15282\" data-permalink=\"https:\/\/ecomatin.net\/le-theme-du-20mai-est-connu\/parade-militaire\/\" data-orig-file=\"https:\/\/ecomatin.net\/wp-content\/uploads\/2020\/04\/PARADE-MILITAIRE.jpg\" data-orig-size=\"512,312\" data-comments-opened=\"0\" data-image-meta=\"{&quot;aperture&quot;:&quot;0&quot;,&quot;credit&quot;:&quot;&quot;,&quot;camera&quot;:&quot;&quot;,&quot;caption&quot;:&quot;&quot;,&quot;created_timestamp&quot;:&quot;0&quot;,&quot;copyright&quot;:&quot;&quot;,&quot;focal_length&quot;:&quot;0&quot;,&quot;iso&quot;:&quot;0&quot;,&quot;shutter_speed&quot;:&quot;0&quot;,&quot;title&quot;:&quot;&quot;,&quot;orientation&quot;:&quot;0&quot;}\" data-image-title=\"PARADE MILITAIRE\" data-image-description=\"\" data-medium-file=\"https:\/\/ecomatin.net\/wp-content\/uploads\/2020\/04\/PARADE-MILITAIRE-300x183.jpg\" data-large-file=\"https:\/\/ecomatin.net\/wp-content\/uploads\/2020\/04\/PARADE-MILITAIRE.jpg\"\/> Parade Militaire au boulevard du 20mai<\/div>\n<div class=\"entry-content entry clearfix\" readability=\"32.849847561\">\n<p>Le Pr\u00e9sident de la R\u00e9publique vient de d\u00e9cider, dans une note sign\u00e9e ce jour du Secr\u00e9taire G\u00e9n\u00e9ral, de l\u2019annulation des c\u00e9r\u00e9monies marquants la f\u00eate du Travail, ainsi que la f\u00eate nationale du Cameroun pour cause de Coronavirus.<\/p>\n<p>\u00ab\u00a0Le ministre d\u2019\u00c9tat, Secr\u00e9taire G\u00e9n\u00e9ral de la Pr\u00e9sidence de la R\u00e9publique porte \u00e0 la connaissance du l\u2019opinion, qu\u2019en raison de la pand\u00e9mie du Coronavirus et de la n\u00e9cessit\u00e9 du respect des mesures de distanciation sociales prescrites par le gouvernement de la R\u00e9publique, le Pr\u00e9sident de la R\u00e9publique a d\u00e9cid\u00e9 de l\u2019annulation des c\u00e9l\u00e9brations publiques des \u00e9ditions 2020 de la f\u00eate du travail et de la f\u00eate nationale\u00a0\u00bb. Peut t-on lire dans le communiqu\u00e9 sign\u00e9 de Ferdinand Ngoh Ngoh.<\/p>\n<p>Plus de d\u00e9tails dans nos prochaines publications.<\/p>\n<div class=\"awac-wrapper awac widget posts-list-widget-13\">\n<h4 class=\"widget-title\">Recent Posts<\/h4>\n<\/div>\n<\/div>\n<\/div>\n<div readability=\"31.5\">\n<div class=\"container-wrapper subscribe-widget widget-inner-wrap subscribe-widget-content\" id=\"post-newsletter\" readability=\"33\">\n<h4>With Product You Purchase<\/h4>\n<h3>Subscribe to our mailing list to get the new updates!<\/h3>\n<p>Lorem ipsum dolor sit amet, consectetur.<\/p>\n<\/div>\n<\/div>\n<p>Auteur: EcoMatin<br \/>\n<a href=\"https:\/\/ecomatin.net\/covid-19-les-celebrations-de-la-fete-du-travail-et-20-mai-2020-sont-annulees\/\">Cliquez ici pour lire l&rsquo;article depuis sa source.<\/a><\/p>\n","protected":false},"excerpt":{"rendered":"<p>Parade Militaire au boulevard du 20mai Le Pr\u00e9sident de la R\u00e9publique vient de d\u00e9cider, dans une note sign\u00e9e ce jour du Secr\u00e9taire G\u00e9n\u00e9ral, de l\u2019annulation des c\u00e9r\u00e9monies marquants la f\u00eate du Travail, ainsi que la f\u00eate nationale du Cameroun pour cause de Coronavirus. \u00ab\u00a0Le ministre d\u2019\u00c9tat, Secr\u00e9taire G\u00e9n\u00e9ral de la Pr\u00e9sidence de la R\u00e9publique porte [&hellip;]<\/p>\n","protected":false},"author":1969,"featured_media":0,"comment_status":"closed","ping_status":"closed","sticky":false,"template":"","format":"standard","meta":{"fifu_image_url":"","fifu_image_alt":"","footnotes":""},"categories":[82,78],"tags":[],"class_list":["post-83168","post","type-post","status-publish","format-standard","hentry","category-cameroun","category-economie"],"_links":{"self":[{"href":"https:\/\/linitiative.ca\/International\/wp-json\/wp\/v2\/posts\/83168","targetHints":{"allow":["GET"]}}],"collection":[{"href":"https:\/\/linitiative.ca\/International\/wp-json\/wp\/v2\/posts"}],"about":[{"href":"https:\/\/linitiative.ca\/International\/wp-json\/wp\/v2\/types\/post"}],"author":[{"embeddable":true,"href":"https:\/\/linitiative.ca\/International\/wp-json\/wp\/v2\/users\/1969"}],"replies":[{"embeddable":true,"href":"https:\/\/linitiative.ca\/International\/wp-json\/wp\/v2\/comments?post=83168"}],"version-history":[{"count":0,"href":"https:\/\/linitiative.ca\/International\/wp-json\/wp\/v2\/posts\/83168\/revisions"}],"wp:attachment":[{"href":"https:\/\/linitiative.ca\/International\/wp-json\/wp\/v2\/media?parent=83168"}],"wp:term":[{"taxonomy":"category","embeddable":true,"href":"https:\/\/linitiative.ca\/International\/wp-json\/wp\/v2\/categories?post=83168"},{"taxonomy":"post_tag","embeddable":true,"href":"https:\/\/linitiative.ca\/International\/wp-json\/wp\/v2\/tags?post=83168"}],"curies":[{"name":"wp","href":"https:\/\/api.w.org\/{rel}","templated":true}]}}