{"id":83169,"date":"2020-04-23T08:16:54","date_gmt":"2020-04-23T12:16:54","guid":{"rendered":"https:\/\/linitiative.ca\/International\/aides-pour-les-non-ramedistes-du-secteur-informel-voici-la-procedure\/"},"modified":"2020-04-23T08:16:54","modified_gmt":"2020-04-23T12:16:54","slug":"aides-pour-les-non-ramedistes-du-secteur-informel-voici-la-procedure","status":"publish","type":"post","link":"https:\/\/linitiative.ca\/International\/aides-pour-les-non-ramedistes-du-secteur-informel-voici-la-procedure\/","title":{"rendered":"Aides pour les non-ram\u00e9distes du secteur informel : Voici la proc\u00e9dure !"},"content":{"rendered":"<header>\n<div class=\"entry-post-meta\">\n<div class=\"author-link\">Publi\u00e9 par <a itemprop=\"author\" itemscope=\"\" itemtype=\"https:\/\/schema.org\/Person\" href=\"http:\/\/aujourdhui.ma\/profile\/kaid\" rel=\"author\"><span itemprop=\"name\">ALM<\/span><\/a><\/div>\n<p>Date\u00a0:<time content=\"2020-04-23T13:16:54+00:00\" class=\"entry-date updated\" datetime=\"2020-04-23T13:16:54+00:00\">avril 23, 2020<\/time><\/p>\n<p>0Vues<\/p>\n<\/div>\n<\/header>\n<div class=\"entry-content clearfix\" readability=\"35\">\n<p><iframe loading=\"lazy\" width=\"536\" height=\"323\" src=\"\/\/www.youtube.com\/embed\/pNQs1t70qdk?\" frameborder=\"0\" allowfullscreen=\"\">[embedded content]<\/iframe><\/p>\n<p><span class=\"c4\"><strong>Le minist\u00e8re de l\u2019\u00e9conomie, des finances et de la r\u00e9forme de l\u2019administration met en ligne cette vid\u00e9o explicative sur la proc\u00e9dure \u00e0 suivre pour recevoir les aides aux non-ram\u00e9distes appartenant au secteur informel. Voici les \u00e9tapes \u2026<\/strong><\/span><\/p>\n<\/div>\n<p>Auteur: ALM<br \/>\n<a href=\"http:\/\/aujourdhui.ma\/societe\/aides-pour-les-non-ramedistes-du-secteur-informel-voici-la-procedure\">Cliquez ici pour lire l&rsquo;article depuis sa source.<\/a><\/p>\n","protected":false},"excerpt":{"rendered":"<p>Publi\u00e9 par ALM Date\u00a0:avril 23, 2020 0Vues [embedded content] Le minist\u00e8re de l\u2019\u00e9conomie, des finances et de la r\u00e9forme de l\u2019administration met en ligne cette vid\u00e9o explicative sur la proc\u00e9dure \u00e0 suivre pour recevoir les aides aux non-ram\u00e9distes appartenant au secteur informel. Voici les \u00e9tapes \u2026 Auteur: ALM Cliquez ici pour lire l&rsquo;article depuis sa [&hellip;]<\/p>\n","protected":false},"author":1759,"featured_media":0,"comment_status":"closed","ping_status":"closed","sticky":false,"template":"","format":"standard","meta":{"fifu_image_url":"","fifu_image_alt":"","footnotes":""},"categories":[73,54],"tags":[],"class_list":["post-83169","post","type-post","status-publish","format-standard","hentry","category-actualite","category-maroc"],"_links":{"self":[{"href":"https:\/\/linitiative.ca\/International\/wp-json\/wp\/v2\/posts\/83169","targetHints":{"allow":["GET"]}}],"collection":[{"href":"https:\/\/linitiative.ca\/International\/wp-json\/wp\/v2\/posts"}],"about":[{"href":"https:\/\/linitiative.ca\/International\/wp-json\/wp\/v2\/types\/post"}],"author":[{"embeddable":true,"href":"https:\/\/linitiative.ca\/International\/wp-json\/wp\/v2\/users\/1759"}],"replies":[{"embeddable":true,"href":"https:\/\/linitiative.ca\/International\/wp-json\/wp\/v2\/comments?post=83169"}],"version-history":[{"count":0,"href":"https:\/\/linitiative.ca\/International\/wp-json\/wp\/v2\/posts\/83169\/revisions"}],"wp:attachment":[{"href":"https:\/\/linitiative.ca\/International\/wp-json\/wp\/v2\/media?parent=83169"}],"wp:term":[{"taxonomy":"category","embeddable":true,"href":"https:\/\/linitiative.ca\/International\/wp-json\/wp\/v2\/categories?post=83169"},{"taxonomy":"post_tag","embeddable":true,"href":"https:\/\/linitiative.ca\/International\/wp-json\/wp\/v2\/tags?post=83169"}],"curies":[{"name":"wp","href":"https:\/\/api.w.org\/{rel}","templated":true}]}}