{"id":83171,"date":"2020-04-23T09:00:27","date_gmt":"2020-04-23T13:00:27","guid":{"rendered":"https:\/\/linitiative.ca\/International\/chambre-de-commerce-italienne-au-maroc-communaute-italienne-et-italiens-bloques-au-maroc-leclairage-dun-officiel\/"},"modified":"2020-04-23T09:00:27","modified_gmt":"2020-04-23T13:00:27","slug":"chambre-de-commerce-italienne-au-maroc-communaute-italienne-et-italiens-bloques-au-maroc-leclairage-dun-officiel","status":"publish","type":"post","link":"https:\/\/linitiative.ca\/International\/chambre-de-commerce-italienne-au-maroc-communaute-italienne-et-italiens-bloques-au-maroc-leclairage-dun-officiel\/","title":{"rendered":"Chambre de commerce italienne au Maroc : Communaut\u00e9 italienne et italiens bloqu\u00e9s  au Maroc, l\u2019\u00e9clairage d\u2019un officiel"},"content":{"rendered":"<header>\n<\/header>\n<div class=\"entry-content clearfix\" readability=\"59\"><img decoding=\"async\" class=\"post_layout_5_img\" src=\"http:\/\/aujourdhui.ma\/wp-content\/uploads\/2020\/04\/Alessandro-Benazzi.jpg?x29840\" alt=\"Chambre de commerce italienne au Maroc : Communaut&#xE9; italienne et italiens bloqu&#xE9;s au Maroc, l&#x2019;&#xE9;clairage d&#x2019;un officiel\"\/><\/p>\n<p><span class=\"c4\"><strong>Alessandro Benazzi, SG de la Chambre de commerce italienne au Maroc, a tenu \u00e0 informer de l\u2019\u00e9volution des initiatives entreprises depuis le d\u00e9part suite \u00e0 la pand\u00e9mie Covid-19 en faveur de la communaut\u00e9 italienne et des Italiens bloqu\u00e9s au Maroc en raison de la fermeture des fronti\u00e8res. 850 ont pu \u00eatre rapatri\u00e9s via des vols sp\u00e9ciaux.<\/strong><\/span><br \/><span id=\"more-342596\"\/><span class=\"c5\"><strong>Les d\u00e9tails.<\/strong><\/span> Alessandro Benazzi, secr\u00e9taire g\u00e9n\u00e9ral de la Chambre de commerce italienne au Maroc, fait le point sur la situation des italiens bloqu\u00e9s au Maroc, suite \u00e0 la fermeture des fronti\u00e8res, il y a plus d\u2019un mois et qui visent \u00e0 contenir la propagation du Covid19. \u00abBeaucoup de touristes italiens sont rest\u00e9s bloqu\u00e9s avec de grandes difficult\u00e9s logistiques et \u00e9conomiques.Gr\u00e2ce \u00e0 l\u2019intervention conjointe de l\u2019Ambassade d\u2019Italie \u00e0 Rabat, du Consulat G\u00e9n\u00e9ral d\u2019Italie \u00e0 Casablanca ainsi que l\u2019ensemble du r\u00e9seau consulaire honoraire des grandes villes touristiques telles que Agadir, Marrakech, Tanger, et l\u2019Unit\u00e9 de crise de la Farnesina, environ 850 compatriotes sont rentr\u00e9s en Italie avec 5 vols commerciaux sp\u00e9ciaux\u00bb, atteste le porte-parole de la CCIM.Il faut dire que depuis le d\u00e9part et selon la m\u00eame source, des num\u00e9ros d\u2019urgence et d\u2019assistance ont \u00e9t\u00e9 mis en place en faveur de ces personnes.<br \/>Pour rappel, la communaut\u00e9 italienne install\u00e9e au Maroc est estim\u00e9e \u00e0 pr\u00e8s de 6.500 italiens. Ces derniers inscrits au registre consulaire comptent une minorit\u00e9 vivant entre l\u2019Italie et le Maroc. Pour l\u2019heure, les institutions italiennes au Maroc sont en contact avec cette derni\u00e8re, \u00e0 travers diverses plateformes pour la tenir inform\u00e9e des diff\u00e9rentes mesures prises par le gouvernement marocain.En direction de ses entreprises adh\u00e9rentes, la CCIM a adopt\u00e9 le t\u00e9l\u00e9travail pour assurer la continuit\u00e9 de ses services. \u00abNous continuons \u00e0 soutenir les relations commerciales entre le Maroc et l\u2019Italie en relayant des informations utiles et v\u00e9rifi\u00e9es sous forme de point d\u2019information vid\u00e9o en ligne et podcasts. Nous avons \u00e9galement digitalis\u00e9 une partie de nos activit\u00e9s comme les sessions de formation, les r\u00e9unions B2B ou les pr\u00e9sentations des pays. Parall\u00e8lement, nous sommes en train de coop\u00e9rer avec les Bureaux du Commissaire Extraordinaire pour les urgences pour trouver du mat\u00e9riel de sant\u00e9. Les d\u00e9tails sont post\u00e9s sur la page facebook et notre site\u00bb, d\u00e9taille, \u00e0 ce propos, Alessandro Benazzi.Le diplomate rappellera, lors de sa sortie m\u00e9diatique, les dispositions mises en place par le gouvernement marocain pour soutenir les entreprises en difficult\u00e9. Il tiendra aussi \u00e0 souligner l\u2019\u00e9lan de solidarit\u00e9 manifest\u00e9 par les citoyens marocains des diff\u00e9rentes villes du pays qui n\u2019ont pas h\u00e9sit\u00e9 \u00e0 accueillir des touristes italiens bloqu\u00e9s \u00e0 cause de la fermeture des fronti\u00e8res a\u00e9riennes et terrestres. A suivre\u2026<\/p>\n<\/div>\n<p>Auteur: Dounia Essabban<br \/>\n<a href=\"http:\/\/aujourdhui.ma\/economie\/chambre-de-commerce-italienne-au-maroc-communaute-italienne-et-italiens-bloques-au-maroc-leclairage-dun-officiel\">Cliquez ici pour lire l&rsquo;article depuis sa source.<\/a><\/p>\n","protected":false},"excerpt":{"rendered":"<p>Alessandro Benazzi, SG de la Chambre de commerce italienne au Maroc, a tenu \u00e0 informer de l\u2019\u00e9volution des initiatives entreprises depuis le d\u00e9part suite \u00e0 la pand\u00e9mie Covid-19 en faveur de la communaut\u00e9 italienne et des Italiens bloqu\u00e9s au Maroc en raison de la fermeture des fronti\u00e8res. 850 ont pu \u00eatre rapatri\u00e9s via des vols [&hellip;]<\/p>\n","protected":false},"author":1759,"featured_media":0,"comment_status":"closed","ping_status":"closed","sticky":false,"template":"","format":"standard","meta":{"fifu_image_url":"","fifu_image_alt":"","footnotes":""},"categories":[73,54],"tags":[],"class_list":["post-83171","post","type-post","status-publish","format-standard","hentry","category-actualite","category-maroc"],"_links":{"self":[{"href":"https:\/\/linitiative.ca\/International\/wp-json\/wp\/v2\/posts\/83171","targetHints":{"allow":["GET"]}}],"collection":[{"href":"https:\/\/linitiative.ca\/International\/wp-json\/wp\/v2\/posts"}],"about":[{"href":"https:\/\/linitiative.ca\/International\/wp-json\/wp\/v2\/types\/post"}],"author":[{"embeddable":true,"href":"https:\/\/linitiative.ca\/International\/wp-json\/wp\/v2\/users\/1759"}],"replies":[{"embeddable":true,"href":"https:\/\/linitiative.ca\/International\/wp-json\/wp\/v2\/comments?post=83171"}],"version-history":[{"count":0,"href":"https:\/\/linitiative.ca\/International\/wp-json\/wp\/v2\/posts\/83171\/revisions"}],"wp:attachment":[{"href":"https:\/\/linitiative.ca\/International\/wp-json\/wp\/v2\/media?parent=83171"}],"wp:term":[{"taxonomy":"category","embeddable":true,"href":"https:\/\/linitiative.ca\/International\/wp-json\/wp\/v2\/categories?post=83171"},{"taxonomy":"post_tag","embeddable":true,"href":"https:\/\/linitiative.ca\/International\/wp-json\/wp\/v2\/tags?post=83171"}],"curies":[{"name":"wp","href":"https:\/\/api.w.org\/{rel}","templated":true}]}}