{"id":83172,"date":"2020-04-23T10:12:33","date_gmt":"2020-04-23T14:12:33","guid":{"rendered":"https:\/\/linitiative.ca\/International\/produits-de-grande-consommation-en-ramadan-assez-pour-tous\/"},"modified":"2020-04-23T10:12:33","modified_gmt":"2020-04-23T14:12:33","slug":"produits-de-grande-consommation-en-ramadan-assez-pour-tous","status":"publish","type":"post","link":"https:\/\/linitiative.ca\/International\/produits-de-grande-consommation-en-ramadan-assez-pour-tous\/","title":{"rendered":"Produits de grande consommation en Ramadan, assez pour tous !"},"content":{"rendered":"<header>\n<\/header>\n<div class=\"entry-content clearfix\" readability=\"39\">\n<p><iframe loading=\"lazy\" width=\"536\" height=\"323\" src=\"\/\/www.youtube.com\/embed\/SYaOLsqtTqI?\" frameborder=\"0\" allowfullscreen=\"\">[embedded content]<\/iframe><\/p>\n<p><strong>Des produits alimentaires fort consomm\u00e9s en Ramadan, il y en a pour tout le monde. Pour les prix, les marchands et clients ne se plaignent pas.<\/strong><span id=\"more-342608\"\/> Ils sont majoritairement abordables comme ils l\u2019indiquent. Et chacun gagne sa vie, en cette p\u00e9riode, tout en respectant les mesures de pr\u00e9vention quant au Covid-19. La sensibilisation a visiblement apport\u00e9 ses fruits.<\/p>\n<p><strong>Reportage Chafik Arich<\/strong><\/p>\n<\/div>\n<p>Auteur: ALM<br \/>\n<a href=\"http:\/\/aujourdhui.ma\/videos\/produits-de-grande-consommation-en-ramadan-assez-pour-tous\">Cliquez ici pour lire l&rsquo;article depuis sa source.<\/a><\/p>\n","protected":false},"excerpt":{"rendered":"<p>[embedded content] Des produits alimentaires fort consomm\u00e9s en Ramadan, il y en a pour tout le monde. Pour les prix, les marchands et clients ne se plaignent pas. Ils sont majoritairement abordables comme ils l\u2019indiquent. Et chacun gagne sa vie, en cette p\u00e9riode, tout en respectant les mesures de pr\u00e9vention quant au Covid-19. La sensibilisation [&hellip;]<\/p>\n","protected":false},"author":1759,"featured_media":0,"comment_status":"closed","ping_status":"closed","sticky":false,"template":"","format":"standard","meta":{"fifu_image_url":"","fifu_image_alt":"","footnotes":""},"categories":[73,54],"tags":[],"class_list":["post-83172","post","type-post","status-publish","format-standard","hentry","category-actualite","category-maroc"],"_links":{"self":[{"href":"https:\/\/linitiative.ca\/International\/wp-json\/wp\/v2\/posts\/83172","targetHints":{"allow":["GET"]}}],"collection":[{"href":"https:\/\/linitiative.ca\/International\/wp-json\/wp\/v2\/posts"}],"about":[{"href":"https:\/\/linitiative.ca\/International\/wp-json\/wp\/v2\/types\/post"}],"author":[{"embeddable":true,"href":"https:\/\/linitiative.ca\/International\/wp-json\/wp\/v2\/users\/1759"}],"replies":[{"embeddable":true,"href":"https:\/\/linitiative.ca\/International\/wp-json\/wp\/v2\/comments?post=83172"}],"version-history":[{"count":0,"href":"https:\/\/linitiative.ca\/International\/wp-json\/wp\/v2\/posts\/83172\/revisions"}],"wp:attachment":[{"href":"https:\/\/linitiative.ca\/International\/wp-json\/wp\/v2\/media?parent=83172"}],"wp:term":[{"taxonomy":"category","embeddable":true,"href":"https:\/\/linitiative.ca\/International\/wp-json\/wp\/v2\/categories?post=83172"},{"taxonomy":"post_tag","embeddable":true,"href":"https:\/\/linitiative.ca\/International\/wp-json\/wp\/v2\/tags?post=83172"}],"curies":[{"name":"wp","href":"https:\/\/api.w.org\/{rel}","templated":true}]}}