{"id":83173,"date":"2020-04-23T11:00:18","date_gmt":"2020-04-23T15:00:18","guid":{"rendered":"https:\/\/linitiative.ca\/International\/agriculture-urbaine-tiznit-veut-devenir-pionniere-au-niveau-national\/"},"modified":"2020-04-23T11:00:18","modified_gmt":"2020-04-23T15:00:18","slug":"agriculture-urbaine-tiznit-veut-devenir-pionniere-au-niveau-national","status":"publish","type":"post","link":"https:\/\/linitiative.ca\/International\/agriculture-urbaine-tiznit-veut-devenir-pionniere-au-niveau-national\/","title":{"rendered":"Agriculture urbaine : Tiznit veut devenir pionni\u00e8re au niveau national"},"content":{"rendered":"<header>\n<\/header>\n<div class=\"entry-content clearfix\" readability=\"53\"><img decoding=\"async\" class=\"post_layout_5_img\" src=\"http:\/\/aujourdhui.ma\/wp-content\/uploads\/2020\/04\/palmeraie-Dattes.jpg?x29840\" alt=\"Agriculture urbaine : Tiznit veut devenir pionni&#xE8;re au niveau national\"\/><\/p>\n<p><span class=\"c4\"><strong>Le cabinet d\u2019architecture de Nabila Seqqat Dakhama a \u00e9t\u00e9 retenu pour la r\u00e9alisation de l\u2019\u00e9tude relative \u00e0 la promotion de l\u2019agriculture urbaine de la commune de Tiznit.<\/strong><\/span><br \/><span class=\"c5\"><span id=\"more-342599\"\/><\/span>Cette \u00e9tude pilot\u00e9e par l\u2019Agence urbaine de Taroudant-Tiznit-Tata portera sur l\u2019analyse de l\u2019\u00e9tat des lieux et les diff\u00e9rentes entit\u00e9s du tissu de la palmeraie de Targa situ\u00e9e en plein c\u0153ur de la ville de Tiznit, notamment ses caract\u00e9ristiques historiques, urbanistiques, spatiales et socio\u00e9conomiques, et les facteurs de d\u00e9veloppement, ainsi que les enjeux li\u00e9s aux activit\u00e9s \u00e9conomiques, \u00e0 l\u2019habitat et \u00e0 la vuln\u00e9rabilit\u00e9 sociale, et ce afin de d\u00e9finir les d\u00e9fis et enjeux sur lesquels se basera la conception des projets d\u2019agriculture urbaine.Celle-ci portera \u00e9galement sur un benchmark international en mati\u00e8re d\u2019agriculture urbaine en vue de d\u00e9gager les meilleures pratiques \u00e0 travers des cas internationaux pr\u00e9sentant des similitudes, notamment d\u2019un point de vue climatique, et urbanistique par rapport aux territoires couverts par cette \u00e9tude.<br \/>Le document permettra de d\u00e9gager les sites d\u2019accueil des projets d\u2019agriculture urbaine, et \u00e9tablira les plans d\u2019action de promotion et de d\u00e9veloppement de ce projet, et ce \u00e0 travers un diagnostic qui identifiera les probl\u00e9matiques et synth\u00e8se de l\u2019\u00e9tat actuel de la palmeraie de Targa, en s\u2019appuyant sur les \u00e9tudes existantes et pour d\u00e9finir les orientations strat\u00e9giques de d\u00e9veloppement et les axes majeurs de ce projet.<br \/>Situ\u00e9e au nord de la ville, la palmeraie de Targa s\u2019\u00e9tend sur une superficie totale de 70 ha et pr\u00e9sente un patrimoine \u00e9cologique et agricole de valeur caract\u00e9ris\u00e9 par ses potentialit\u00e9s \u00e9conomiques et son rayonnement historique. Elle continue de jouer un r\u00f4le essentiel dans la vie \u00e9conomique, culturelle et sociale de la m\u00e9dina de Tiznit.La palmeraie constitue avec Ain Zerka et le r\u00e9seau des puits kh\u00e9tarrates le patrimoine naturel de la M\u00e9dina de Tiznit, ils rappellent le pass\u00e9 \u00e9cologique et la m\u00e9moire agricole de la ville. Ce secteur repr\u00e9sente \u00e0 la fois un espace d\u2019agriculture urbaine et de loisirs.<br \/>Selon l\u2019appel d\u2019offres publi\u00e9 par l\u2019Agence urbaine, \u00ab apr\u00e8s l\u2019int\u00e9gration du p\u00e9rim\u00e8tre de Targa dans l\u2019espace urbain, celui-ci est amen\u00e9 \u00e0 \u00e9voluer dans le sens d\u2019une int\u00e9gration au syst\u00e8me urbain global. Il devient d\u00e9sormais n\u00e9cessaire de penser \u00e0 la vocation de cet espace \u00e9cologiquement sensible, et d\u2019une valeur patrimoniale importante et dans ses rapports avec les tissus b\u00e2tis du reste de la ville. Il s\u2019agit donc aujourd\u2019hui de prendre en compte les cons\u00e9quences li\u00e9es \u00e0 la position et \u00e0 la proximit\u00e9 de la ville pour repenser le p\u00e9rim\u00e8tre irrigu\u00e9 de Targa comme partie int\u00e9grante d\u2019une agglom\u00e9ration de taille moyenne en forte croissance d\u00e9mographique qui subit des pressions d\u2019urbanisation.<\/p>\n<\/div>\n<p>Auteur: Mohamed Laabid<br \/>\n<a href=\"http:\/\/aujourdhui.ma\/economie\/agriculture-urbaine-tiznit-veut-devenir-pionniere-au-niveau-national\">Cliquez ici pour lire l&rsquo;article depuis sa source.<\/a><\/p>\n","protected":false},"excerpt":{"rendered":"<p>Le cabinet d\u2019architecture de Nabila Seqqat Dakhama a \u00e9t\u00e9 retenu pour la r\u00e9alisation de l\u2019\u00e9tude relative \u00e0 la promotion de l\u2019agriculture urbaine de la commune de Tiznit.Cette \u00e9tude pilot\u00e9e par l\u2019Agence urbaine de Taroudant-Tiznit-Tata portera sur l\u2019analyse de l\u2019\u00e9tat des lieux et les diff\u00e9rentes entit\u00e9s du tissu de la palmeraie de Targa situ\u00e9e en plein [&hellip;]<\/p>\n","protected":false},"author":1759,"featured_media":0,"comment_status":"closed","ping_status":"closed","sticky":false,"template":"","format":"standard","meta":{"fifu_image_url":"","fifu_image_alt":"","footnotes":""},"categories":[73,54],"tags":[],"class_list":["post-83173","post","type-post","status-publish","format-standard","hentry","category-actualite","category-maroc"],"_links":{"self":[{"href":"https:\/\/linitiative.ca\/International\/wp-json\/wp\/v2\/posts\/83173","targetHints":{"allow":["GET"]}}],"collection":[{"href":"https:\/\/linitiative.ca\/International\/wp-json\/wp\/v2\/posts"}],"about":[{"href":"https:\/\/linitiative.ca\/International\/wp-json\/wp\/v2\/types\/post"}],"author":[{"embeddable":true,"href":"https:\/\/linitiative.ca\/International\/wp-json\/wp\/v2\/users\/1759"}],"replies":[{"embeddable":true,"href":"https:\/\/linitiative.ca\/International\/wp-json\/wp\/v2\/comments?post=83173"}],"version-history":[{"count":0,"href":"https:\/\/linitiative.ca\/International\/wp-json\/wp\/v2\/posts\/83173\/revisions"}],"wp:attachment":[{"href":"https:\/\/linitiative.ca\/International\/wp-json\/wp\/v2\/media?parent=83173"}],"wp:term":[{"taxonomy":"category","embeddable":true,"href":"https:\/\/linitiative.ca\/International\/wp-json\/wp\/v2\/categories?post=83173"},{"taxonomy":"post_tag","embeddable":true,"href":"https:\/\/linitiative.ca\/International\/wp-json\/wp\/v2\/tags?post=83173"}],"curies":[{"name":"wp","href":"https:\/\/api.w.org\/{rel}","templated":true}]}}