{"id":83179,"date":"2020-04-23T08:39:52","date_gmt":"2020-04-23T12:39:52","guid":{"rendered":"https:\/\/linitiative.ca\/International\/bilan-des-contaminations-jusqua-mardi-8-nouveaux-cas-de-vcovid-19-pour-un-total-de-696-analyses\/"},"modified":"2020-04-23T08:39:52","modified_gmt":"2020-04-23T12:39:52","slug":"bilan-des-contaminations-jusqua-mardi-8-nouveaux-cas-de-vcovid-19-pour-un-total-de-696-analyses","status":"publish","type":"post","link":"https:\/\/linitiative.ca\/International\/bilan-des-contaminations-jusqua-mardi-8-nouveaux-cas-de-vcovid-19-pour-un-total-de-696-analyses\/","title":{"rendered":"Bilan des contaminations jusqu\u2019\u00e0 mardi :8 nouveaux cas de VCovid-19 pour un total de 696 analyses"},"content":{"rendered":"<p>Sur un total de 696 analyses effectu\u00e9es dont 78 sur des cas anciens, 44 cas ont \u00e9t\u00e9 test\u00e9s positifs au 21 avril 2020 (8 nouveaux et 36 anciens), portant ainsi le bilan \u00e0 909 cas confirm\u00e9s sur un total de 18861 pr\u00e9l\u00e8vements, a fait savoir mercredi le minist\u00e8re de la sant\u00e9<\/p>\n<p>Les cas confirm\u00e9s d\u2019infection au nouveau coronavirus ou COVID-19 sont r\u00e9partis comme suit : La r\u00e9gion de Tunis reste en t\u00eate avec 198 cas, suivie de l\u2019Ariana (93), Ben Arous (91), M\u00e9denine (85), K\u00e9bili (85), Sousse (77), Manouba (39), Monastir (37), Sfax (36), Gafsa (33), Tataouine (32),Gab\u00e8s (22), Bizerte (19), Mahdia (16), Nabeul (12), Kairouan (06), le Kef (05), Sidi Bouzid (05), Tozeur (05), Kasserine (05), B\u00e9ja (03), Zaghouan (03), et Jendouba (01).<\/p>\n<p>D\u2019apr\u00e8s la m\u00eame source, 190 malades ont gu\u00e9ri, 32 sont actuellement en r\u00e9animation et 94 autres sont hospitalis\u00e9s.<\/p>\n<p>Le minist\u00e8re fait savoir \u00e9galement, que le nombre des d\u00e9c\u00e8s a atteint 38, dont 6 \u00e0 Tunis, 5 \u00e0 l\u2019Ariana, 5 \u00e0 Manouba, 5 \u00e0 Sousse, 5 \u00e0 Sfax, 3 \u00e0 Ben Arous, 3 \u00e0 M\u00e9denine, 1 \u00e0 Nabeul, 1 \u00e0 Bizerte, 1 au Kef, 1 \u00e0 Mahdia, 1 \u00e0 Sidi Bouzid et 1 \u00e0 Tataouine.<\/p>\n<p>Il a pr\u00e9cis\u00e9 que les analyses sont effectu\u00e9es essentiellement sur des cas suspects ou probables ainsi que sur les personnes ayant \u00e9t\u00e9 en contact direct avec des cas confirm\u00e9s.<\/p>\n<p>Le minist\u00e8re de la sant\u00e9 a appel\u00e9 tous les citoyens \u00e0 se conformer aux mesures de confinement et \u00e0 respecter les mesures de confinement dans l\u2019ensemble du pays afin de contenir la maladie du COVID-19 et limiter la propagation du virus.<\/p>\n<div class=\"wp-post-author-wrap wp-post-author-shortcode left\">\n<h3 class=\"awpa-title\"\/>\n<div class=\"wp-post-author\">\n<div class=\"awpa-img awpa-author-block square\"><a href=\"http:\/\/lexpertjournal.net\/fr\/?author=5\"><img loading=\"lazy\" decoding=\"async\" alt=\"\" src=\"http:\/\/0.gravatar.com\/avatar\/97f8e10a1c1125ba104a76514ee07b16?s=150&amp;d=mm&amp;r=g\" srcset=\"http:\/\/0.gravatar.com\/avatar\/97f8e10a1c1125ba104a76514ee07b16?s=300&amp;d=mm&amp;r=g 2x\" class=\"avatar avatar-150 photo\" height=\"150\" width=\"150\"\/><\/a><\/div>\n<\/div>\n<\/div>\n<aside class=\"mashsb-container mashsb-main mashsb-stretched\">\n<\/aside>\n<p>Auteur: L&rsquo;expert<br \/>\n<a href=\"http:\/\/lexpertjournal.net\/fr\/?p=14225\">Cliquez ici pour lire l&rsquo;article depuis sa source.<\/a><\/p>\n","protected":false},"excerpt":{"rendered":"<p>Sur un total de 696 analyses effectu\u00e9es dont 78 sur des cas anciens, 44 cas ont \u00e9t\u00e9 test\u00e9s positifs au 21 avril 2020 (8 nouveaux et 36 anciens), portant ainsi le bilan \u00e0 909 cas confirm\u00e9s sur un total de 18861 pr\u00e9l\u00e8vements, a fait savoir mercredi le minist\u00e8re de la sant\u00e9 Les cas confirm\u00e9s d\u2019infection [&hellip;]<\/p>\n","protected":false},"author":1775,"featured_media":0,"comment_status":"closed","ping_status":"closed","sticky":false,"template":"","format":"standard","meta":{"fifu_image_url":"","fifu_image_alt":"","footnotes":""},"categories":[78,55],"tags":[],"class_list":["post-83179","post","type-post","status-publish","format-standard","hentry","category-economie","category-tunisie"],"_links":{"self":[{"href":"https:\/\/linitiative.ca\/International\/wp-json\/wp\/v2\/posts\/83179","targetHints":{"allow":["GET"]}}],"collection":[{"href":"https:\/\/linitiative.ca\/International\/wp-json\/wp\/v2\/posts"}],"about":[{"href":"https:\/\/linitiative.ca\/International\/wp-json\/wp\/v2\/types\/post"}],"author":[{"embeddable":true,"href":"https:\/\/linitiative.ca\/International\/wp-json\/wp\/v2\/users\/1775"}],"replies":[{"embeddable":true,"href":"https:\/\/linitiative.ca\/International\/wp-json\/wp\/v2\/comments?post=83179"}],"version-history":[{"count":0,"href":"https:\/\/linitiative.ca\/International\/wp-json\/wp\/v2\/posts\/83179\/revisions"}],"wp:attachment":[{"href":"https:\/\/linitiative.ca\/International\/wp-json\/wp\/v2\/media?parent=83179"}],"wp:term":[{"taxonomy":"category","embeddable":true,"href":"https:\/\/linitiative.ca\/International\/wp-json\/wp\/v2\/categories?post=83179"},{"taxonomy":"post_tag","embeddable":true,"href":"https:\/\/linitiative.ca\/International\/wp-json\/wp\/v2\/tags?post=83179"}],"curies":[{"name":"wp","href":"https:\/\/api.w.org\/{rel}","templated":true}]}}