{"id":83180,"date":"2020-04-23T08:41:52","date_gmt":"2020-04-23T12:41:52","guid":{"rendered":"https:\/\/linitiative.ca\/International\/altercation-iyadh-elloumi-abir-moussi-le-pdl-denonce-toute-forme-de-violence-contre-sa-presidente\/"},"modified":"2020-04-23T08:41:52","modified_gmt":"2020-04-23T12:41:52","slug":"altercation-iyadh-elloumi-abir-moussi-le-pdl-denonce-toute-forme-de-violence-contre-sa-presidente","status":"publish","type":"post","link":"https:\/\/linitiative.ca\/International\/altercation-iyadh-elloumi-abir-moussi-le-pdl-denonce-toute-forme-de-violence-contre-sa-presidente\/","title":{"rendered":"Altercation Iyadh Elloumi\/Abir Moussi : Le PDL d\u00e9nonce toute forme de violence contre sa pr\u00e9sidente"},"content":{"rendered":"<p>Le groupe du parti destourien libre (PDL) a d\u00e9nonc\u00e9, jeudi, ce qu\u2019il a qualifi\u00e9 de \u00bb violences commises \u00bb contre sa pr\u00e9sidente Abir Moussi, regrettant le recours aux m\u00e9dias, aux tribunes et aux espaces parlementaires pour mobiliser l\u2019opinion publique contre sa dirigeante.<\/p>\n<p>Dans un communiqu\u00e9 rendu public, ce jeudi, le bloc du PDL (16 \u00e9lus) a dit fustiger une \u00ab campagne de d\u00e9nigrement orchestr\u00e9e \u00bb men\u00e9e contre tous les d\u00e9put\u00e9s du parti, r\u00e9affirmant sa position<\/p>\n<p>constante de ne pas se rapprocher des organisations \u00ab obscurantistes \u00bb, selon ses expressions.<\/p>\n<p>D\u2019apr\u00e8s le parti, les abus commis consistent en l\u2019interruption des paroles des \u00e9lus du PDL, \u00e0 maintes reprises, lors des s\u00e9ances pl\u00e9ni\u00e8res de l\u2019assembl\u00e9e des repr\u00e9sentants du peuple et les r\u00e9unions de certaines commissions.<\/p>\n<p>\u00ab Les d\u00e9put\u00e9s sont souvent priv\u00e9s de leur droit \u00e0 un point d\u2019ordre, conform\u00e9ment au r\u00e8glement int\u00e9rieur du parlement \u00bb, s\u2019indigne le bloc du PDL.<\/p>\n<p>Et d\u2019ajouter ; toutes les demandes et revendications du bloc sont syst\u00e9matiquement rejet\u00e9es. Le bureau du parlement a \u00e9t\u00e9 instrumentalis\u00e9 pour r\u00e9gler des comptes politiques. \u00bb<\/p>\n<p>Une altercation est \u00e9clat\u00e9e, mardi 21 avril courant, lors des travaux de la commission parlementaire de l\u2019Industrie entre la d\u00e9put\u00e9e Abir Moussi (PDL) et Iyadh Elloumi (Qalb Tounes), suivie d\u2019\u00e9changes d\u2019accusations sur les m\u00e9dias. Abir Moussi dit \u00eatre insult\u00e9e par Iyadh Elloumi, ce que ce dernier d\u00e9ment.<\/p>\n<div class=\"wp-post-author-wrap wp-post-author-shortcode left\">\n<h3 class=\"awpa-title\"\/>\n<div class=\"wp-post-author\">\n<div class=\"awpa-img awpa-author-block square\"><a href=\"http:\/\/lexpertjournal.net\/fr\/?author=5\"><img loading=\"lazy\" decoding=\"async\" alt=\"\" src=\"http:\/\/0.gravatar.com\/avatar\/97f8e10a1c1125ba104a76514ee07b16?s=150&amp;d=mm&amp;r=g\" srcset=\"http:\/\/0.gravatar.com\/avatar\/97f8e10a1c1125ba104a76514ee07b16?s=300&amp;d=mm&amp;r=g 2x\" class=\"avatar avatar-150 photo\" height=\"150\" width=\"150\"\/><\/a><\/div>\n<\/div>\n<\/div>\n<aside class=\"mashsb-container mashsb-main mashsb-stretched\">\n<\/aside>\n<p>Auteur: L&rsquo;expert<br \/>\n<a href=\"http:\/\/lexpertjournal.net\/fr\/?p=14227\">Cliquez ici pour lire l&rsquo;article depuis sa source.<\/a><\/p>\n","protected":false},"excerpt":{"rendered":"<p>Le groupe du parti destourien libre (PDL) a d\u00e9nonc\u00e9, jeudi, ce qu\u2019il a qualifi\u00e9 de \u00bb violences commises \u00bb contre sa pr\u00e9sidente Abir Moussi, regrettant le recours aux m\u00e9dias, aux tribunes et aux espaces parlementaires pour mobiliser l\u2019opinion publique contre sa dirigeante. Dans un communiqu\u00e9 rendu public, ce jeudi, le bloc du PDL (16 \u00e9lus) [&hellip;]<\/p>\n","protected":false},"author":1775,"featured_media":0,"comment_status":"closed","ping_status":"closed","sticky":false,"template":"","format":"standard","meta":{"fifu_image_url":"","fifu_image_alt":"","footnotes":""},"categories":[78,55],"tags":[],"class_list":["post-83180","post","type-post","status-publish","format-standard","hentry","category-economie","category-tunisie"],"_links":{"self":[{"href":"https:\/\/linitiative.ca\/International\/wp-json\/wp\/v2\/posts\/83180","targetHints":{"allow":["GET"]}}],"collection":[{"href":"https:\/\/linitiative.ca\/International\/wp-json\/wp\/v2\/posts"}],"about":[{"href":"https:\/\/linitiative.ca\/International\/wp-json\/wp\/v2\/types\/post"}],"author":[{"embeddable":true,"href":"https:\/\/linitiative.ca\/International\/wp-json\/wp\/v2\/users\/1775"}],"replies":[{"embeddable":true,"href":"https:\/\/linitiative.ca\/International\/wp-json\/wp\/v2\/comments?post=83180"}],"version-history":[{"count":0,"href":"https:\/\/linitiative.ca\/International\/wp-json\/wp\/v2\/posts\/83180\/revisions"}],"wp:attachment":[{"href":"https:\/\/linitiative.ca\/International\/wp-json\/wp\/v2\/media?parent=83180"}],"wp:term":[{"taxonomy":"category","embeddable":true,"href":"https:\/\/linitiative.ca\/International\/wp-json\/wp\/v2\/categories?post=83180"},{"taxonomy":"post_tag","embeddable":true,"href":"https:\/\/linitiative.ca\/International\/wp-json\/wp\/v2\/tags?post=83180"}],"curies":[{"name":"wp","href":"https:\/\/api.w.org\/{rel}","templated":true}]}}