{"id":83184,"date":"2020-04-23T03:00:00","date_gmt":"2020-04-23T07:00:00","guid":{"rendered":"https:\/\/linitiative.ca\/International\/deux-bateaux-depeches-a-alicante-et-a-marseille\/"},"modified":"2020-04-23T03:00:00","modified_gmt":"2020-04-23T07:00:00","slug":"deux-bateaux-depeches-a-alicante-et-a-marseille","status":"publish","type":"post","link":"https:\/\/linitiative.ca\/International\/deux-bateaux-depeches-a-alicante-et-a-marseille\/","title":{"rendered":"Deux bateaux d\u00e9p\u00each\u00e9s \u00e0 Alicante et \u00e0 Marseille"},"content":{"rendered":"<div id=\"originalText\" readability=\"43\">\n<p>La\u00a0 Compagnie\u00a0 nationale de\u00a0 transport\u00a0 maritime\u00a0 de\u00a0 voyageurs (ENTMV)\u00a0 va d\u00e9p\u00eacher, au courant de la semaine prochaine, deux bateaux \u00e0 partir des ports d\u2019Oran et\u00a0 d\u2019Alger\u00a0 pour\u00a0 rapatrier\u00a0 les\u00a0 ressortissants\u00a0 alg\u00e9riens\u00a0 bloqu\u00e9s\u00a0 en Espagne\u00a0 et\u00a0 en\u00a0 France\u00a0 depuis\u00a0 le 17\u00a0 mars dernier, date\u00a0 \u00e0\u00a0 laquelle la communaut\u00e9 europ\u00e9enne\u00a0 a\u00a0 d\u00e9cid\u00e9\u00a0 de\u00a0 fermer\u00a0 les\u00a0 fronti\u00e8res\u00a0 a\u00e9riennes et fluviales pour \u00e9viter la propagation du coronavirus.<\/p>\n<p>Les deux\u00a0 navires devront rapatrier\u00a0quelque\u00a0 2 600\u00a0 Alg\u00e9riens\u00a0 \u00e0\u00a0partir des ports d\u2019Alicante\u00a0 et\u00a0 de Marseille, en\u00a0 attendant\u00a0 d\u2019autres\u00a0 op\u00e9rations\u00a0 qui pourraient\u00a0 \u00a0\u00eatre annonc\u00e9es au d\u00e9but du mois de mai prochain.<\/p>\n<\/div>\n<div id=\"text_core\" readability=\"43\">\n<p>La\u00a0 Compagnie\u00a0 nationale de\u00a0 transport\u00a0 maritime\u00a0 de\u00a0 voyageurs (ENTMV)\u00a0 va d\u00e9p\u00eacher, au courant de la semaine prochaine, deux bateaux \u00e0 partir des ports d\u2019Oran et\u00a0 d\u2019Alger\u00a0 pour\u00a0 rapatrier\u00a0 les\u00a0 ressortissants\u00a0 alg\u00e9riens\u00a0 bloqu\u00e9s\u00a0 en Espagne\u00a0 et\u00a0 en\u00a0 France\u00a0 depuis\u00a0 le 17\u00a0 mars dernier, date\u00a0 \u00e0\u00a0 laquelle la communaut\u00e9 europ\u00e9enne\u00a0 a\u00a0 d\u00e9cid\u00e9\u00a0 de\u00a0 fermer\u00a0 les\u00a0 fronti\u00e8res\u00a0 a\u00e9riennes et fluviales pour \u00e9viter la propagation du coronavirus.<\/p>\n<p>Les deux\u00a0 navires devront rapatrier\u00a0quelque\u00a0 2 600\u00a0 Alg\u00e9riens\u00a0 \u00e0\u00a0partir des ports d\u2019Alicante\u00a0 et\u00a0 de Marseille, en\u00a0 attendant\u00a0 d\u2019autres\u00a0 op\u00e9rations\u00a0 qui pourraient\u00a0 \u00a0\u00eatre annonc\u00e9es au d\u00e9but du mois de mai prochain.<\/p>\n<\/div>\n<p>Auteur:<br \/>\n<a href=\"https:\/\/www.liberte-algerie.com\/radar\/deux-bateaux-depeches-a-alicante-et-a-marseille-337781\">Cliquez ici pour lire l&rsquo;article depuis sa source.<\/a><\/p>\n","protected":false},"excerpt":{"rendered":"<p>La\u00a0 Compagnie\u00a0 nationale de\u00a0 transport\u00a0 maritime\u00a0 de\u00a0 voyageurs (ENTMV)\u00a0 va d\u00e9p\u00eacher, au courant de la semaine prochaine, deux bateaux \u00e0 partir des ports d\u2019Oran et\u00a0 d\u2019Alger\u00a0 pour\u00a0 rapatrier\u00a0 les\u00a0 ressortissants\u00a0 alg\u00e9riens\u00a0 bloqu\u00e9s\u00a0 en Espagne\u00a0 et\u00a0 en\u00a0 France\u00a0 depuis\u00a0 le 17\u00a0 mars dernier, date\u00a0 \u00e0\u00a0 laquelle la communaut\u00e9 europ\u00e9enne\u00a0 a\u00a0 d\u00e9cid\u00e9\u00a0 de\u00a0 fermer\u00a0 les\u00a0 fronti\u00e8res\u00a0 a\u00e9riennes [&hellip;]<\/p>\n","protected":false},"author":1742,"featured_media":0,"comment_status":"closed","ping_status":"closed","sticky":false,"template":"","format":"standard","meta":{"fifu_image_url":"","fifu_image_alt":"","footnotes":""},"categories":[73,53],"tags":[],"class_list":["post-83184","post","type-post","status-publish","format-standard","hentry","category-actualite","category-algerie"],"_links":{"self":[{"href":"https:\/\/linitiative.ca\/International\/wp-json\/wp\/v2\/posts\/83184","targetHints":{"allow":["GET"]}}],"collection":[{"href":"https:\/\/linitiative.ca\/International\/wp-json\/wp\/v2\/posts"}],"about":[{"href":"https:\/\/linitiative.ca\/International\/wp-json\/wp\/v2\/types\/post"}],"author":[{"embeddable":true,"href":"https:\/\/linitiative.ca\/International\/wp-json\/wp\/v2\/users\/1742"}],"replies":[{"embeddable":true,"href":"https:\/\/linitiative.ca\/International\/wp-json\/wp\/v2\/comments?post=83184"}],"version-history":[{"count":0,"href":"https:\/\/linitiative.ca\/International\/wp-json\/wp\/v2\/posts\/83184\/revisions"}],"wp:attachment":[{"href":"https:\/\/linitiative.ca\/International\/wp-json\/wp\/v2\/media?parent=83184"}],"wp:term":[{"taxonomy":"category","embeddable":true,"href":"https:\/\/linitiative.ca\/International\/wp-json\/wp\/v2\/categories?post=83184"},{"taxonomy":"post_tag","embeddable":true,"href":"https:\/\/linitiative.ca\/International\/wp-json\/wp\/v2\/tags?post=83184"}],"curies":[{"name":"wp","href":"https:\/\/api.w.org\/{rel}","templated":true}]}}